{"id":107337,"date":"2018-06-08T15:12:40","date_gmt":"2018-06-08T18:12:40","guid":{"rendered":"http:\/\/diarioregionaljf.com.br\/?p=107337"},"modified":"2018-06-08T15:13:14","modified_gmt":"2018-06-08T18:13:14","slug":"nova-estrutura-da-escola-estadual-ana-salles-e-inaugurada","status":"publish","type":"post","link":"https:\/\/diarioregionaldigital.com.br\/?p=107337","title":{"rendered":"Nova estrutura da Escola Estadual Ana Salles \u00e9 inaugurada"},"content":{"rendered":"<p>Foi inaugurada na manh\u00e3 desta sexta-feira, 8, a nova estrutura da Escola Estadual Ana Salles, no bairro Benfica, zona Norte da cidade. As novas instala\u00e7\u00f5es substitu\u00edram as estruturas de containers, onde por 55 anos, a escola funcionou.<\/p>\n<p>Desde 1963 os alunos e funcion\u00e1rios da escola tiveram que se adaptar e realizar suas atividades em salas de aulas montadas com as estruturas de cont\u00eaineres, que por sua vez, s\u00e3o muito quentes.<\/p>\n<p>Ao longo do tempo, diversos representantes do poder p\u00fablico buscaram solu\u00e7\u00f5es para a escola, dentre eles, o deputado estadual Noraldino J\u00fanior em 2015, entregou \u00e0 ent\u00e3o Secret\u00e1ria de Estado de Educa\u00e7\u00e3o, Maca\u00e9 Evaristo, um diagn\u00f3stico da situa\u00e7\u00e3o das escolas estaduais de Juiz de Fora e destacou a import\u00e2ncia de dar aten\u00e7\u00e3o \u00e0 Ana Salles.<\/p>\n<p>Nesse diagn\u00f3stico, havia muitas imagens que mostravam a real situa\u00e7\u00e3o da escola &#8211; que \u00e9 considerada a pior em rede f\u00edsica em todo o estado &#8211; e todas as informa\u00e7\u00f5es sobre suas necessidades.<\/p>\n<p>Uma verba espec\u00edfica foi disponibilizada pelo Governo Estadual o que tamb\u00e9m possibilitou a constru\u00e7\u00e3o da nova estrutura.<\/p>\n<p>A pr\u00f3pria popula\u00e7\u00e3o tamb\u00e9m colaborou com doa\u00e7\u00e3o de tintas e na pintura do local.<\/p>\n","protected":false},"excerpt":{"rendered":"<p>Foi inaugurada na manh\u00e3 desta sexta-feira, 8, a nova estrutura da Escola Estadual Ana Salles, no bairro Benfica, zona Norte da cidade. As novas instala\u00e7\u00f5es substitu\u00edram as estruturas de containers, onde por 55 anos, a escola funcionou. Desde 1963 os alunos e funcion\u00e1rios da escola tiveram que se adaptar e realizar suas atividades em salas [&hellip;]<\/p>\n","protected":false},"author":96,"featured_media":98091,"comment_status":"closed","ping_status":"closed","sticky":false,"template":"","format":"standard","meta":{"footnotes":""},"categories":[253,439],"tags":[],"class_list":["post-107337","post","type-post","status-publish","format-standard","has-post-thumbnail","hentry","category-cidade","category-ultima-hora"],"_links":{"self":[{"href":"https:\/\/diarioregionaldigital.com.br\/index.php?rest_route=\/wp\/v2\/posts\/107337","targetHints":{"allow":["GET"]}}],"collection":[{"href":"https:\/\/diarioregionaldigital.com.br\/index.php?rest_route=\/wp\/v2\/posts"}],"about":[{"href":"https:\/\/diarioregionaldigital.com.br\/index.php?rest_route=\/wp\/v2\/types\/post"}],"author":[{"embeddable":true,"href":"https:\/\/diarioregionaldigital.com.br\/index.php?rest_route=\/wp\/v2\/users\/96"}],"replies":[{"embeddable":true,"href":"https:\/\/diarioregionaldigital.com.br\/index.php?rest_route=%2Fwp%2Fv2%2Fcomments&post=107337"}],"version-history":[{"count":0,"href":"https:\/\/diarioregionaldigital.com.br\/index.php?rest_route=\/wp\/v2\/posts\/107337\/revisions"}],"wp:featuredmedia":[{"embeddable":true,"href":"https:\/\/diarioregionaldigital.com.br\/index.php?rest_route=\/wp\/v2\/media\/98091"}],"wp:attachment":[{"href":"https:\/\/diarioregionaldigital.com.br\/index.php?rest_route=%2Fwp%2Fv2%2Fmedia&parent=107337"}],"wp:term":[{"taxonomy":"category","embeddable":true,"href":"https:\/\/diarioregionaldigital.com.br\/index.php?rest_route=%2Fwp%2Fv2%2Fcategories&post=107337"},{"taxonomy":"post_tag","embeddable":true,"href":"https:\/\/diarioregionaldigital.com.br\/index.php?rest_route=%2Fwp%2Fv2%2Ftags&post=107337"}],"curies":[{"name":"wp","href":"https:\/\/api.w.org\/{rel}","templated":true}]}}