{"id":107333,"date":"2018-06-08T13:16:11","date_gmt":"2018-06-08T16:16:11","guid":{"rendered":"http:\/\/diarioregionaljf.com.br\/?p=107333"},"modified":"2018-06-08T15:13:22","modified_gmt":"2018-06-08T18:13:22","slug":"turismo-volta-a-gerar-postos-de-trabalho-depois-de-dois-meses-em-queda","status":"publish","type":"post","link":"https:\/\/diarioregionaldigital.com.br\/?p=107333","title":{"rendered":"Turismo volta a gerar postos de trabalho depois de dois meses em queda"},"content":{"rendered":"<p>Impulsionado pelo segmento de transporte de passageiros, o setor de turismo fechou os primeiros quatro meses do ano com saldo positivo de 2.762 postos de trabalho. Os dados fazem parte do estudo Empregabilidade no Turismo, divulgado nesta sexta-feira, 8, pela Confedera\u00e7\u00e3o Nacional do Com\u00e9rcio de Bens, Servi\u00e7os e Turismo (CNC).<\/p>\n<p>Elaborado a partir de dados do Cadastro Geral de Empregados e Desempregados (Caged), do Minist\u00e9rio do Trabalho, o estudo indica que o segmento de transporte de passageiros foi o que mais influenciou o resultado, ao gerar 3.938 postos formais de trabalho no per\u00edodo.<\/p>\n<p>Em contrapartida, a \u00e1rea de cultura e lazer segue no negativo, com perda de janeiro a abril de 1.069 vagas. Em abril, o setor de turismo fechou com gera\u00e7\u00e3o de 2.477 empregos, interrompendo uma sequ\u00eancia negativa verificada nos meses de fevereiro e mar\u00e7o, quando foram registrados menos 3.032 postos de trabalho no setor.<\/p>\n<h2>Emprego no setor<\/h2>\n<p>Os dados divulgados pela CNC indicam que o setor de turismo empregava em abril 2.926.568 pessoas, com predomin\u00e2ncia no segmento de hospedagem e alimenta\u00e7\u00e3o, que respondia por 1,9 milh\u00e3o de pessoas ocupadas; seguido pelos diversos meios de transporte de passageiros, com 805 mil postos.<\/p>\n<p>Os dados divulgados pela CNC indicam que, juntos, os dois grupos de atividades respondiam por 92,7% da ocupa\u00e7\u00e3o da m\u00e3o de obra nos diversos segmentos tur\u00edsticos.<\/p>\n<p>Para o economista da CNC Antonio Everton, \u201ca concentra\u00e7\u00e3o do emprego reflete, principalmente, o interesse das pessoas pelo consumo de viagens, hospedagem e alimenta\u00e7\u00e3o fora do domic\u00edlio\u201d.<\/p>\n<h2>Greve dos caminhoneiros<\/h2>\n<p>Mesmo admitindo que a recupera\u00e7\u00e3o do n\u00edvel do emprego no setor de turismo ainda se d\u00e1 \u201cde forma t\u00edmida\u201d, a CNC avalia que o crescimento do emprego em abril reflete a recupera\u00e7\u00e3o de alguns segmentos importantes.<\/p>\n<p>Para a entidade, no entanto, a greve dos caminhoneiros e a escassez de combust\u00edveis, em 11 dias no m\u00eas de maio, podem modificar a tend\u00eancia do setor no curto prazo. \u201cAs medidas de resolu\u00e7\u00e3o da crise, tomadas pelo governo, afetar\u00e3o o equil\u00edbrio inicial da economia. Isso vai interferir nas decis\u00f5es de gastos das fam\u00edlias, deixando-as cautelosas com rela\u00e7\u00e3o \u00e0s despesas com turismo\u201d, avalia Everton.<\/p>\n<h2>Emprego por regi\u00f5es<\/h2>\n<p>Regionalmente, o estudo da CNC constata no primeiro quadrimestre do ano crescimento do emprego no Sudeste e Centro-Oeste, com destaque para S\u00e3o Paulo, com a gera\u00e7\u00e3o de 9.244 postos e o Distrito Federal, com 1.469. J\u00e1 a Regi\u00e3o Sul teve redu\u00e7\u00e3o l\u00edquida de 4.203 postos formais, apesar do crescimento verificado no Paran\u00e1, onde foram gerados 911 empregos.<\/p>\n<p>A avalia\u00e7\u00e3o da CNC \u00e9 de que o emprego no turismo do Rio de Janeiro \u00e9 um caso \u00e0 parte. \u201cEm virtude da pouca capacidade do governo de realizar investimentos e da onda de viol\u00eancia, que acaba por afastar o turista, levaram ao fechamento de 2.893 empregos no estado\u201d.<\/p>\n<p>O estudo indica que nos \u00faltimos 12 meses, encerrados em abril, o estado do Rio de Janeiro perdeu 12.757 vagas formais.<\/p>\n<h2>Viagens dom\u00e9sticas<\/h2>\n<p>O saldo da conta turismo na balan\u00e7a de pagamentos de janeiro a abril desse ano registrou aumento do d\u00e9ficit, que passou de US$ 2,18 bilh\u00f5es para US$ 2,49 bilh\u00f5es. O estudo constata aumento das despesas dos brasileiros no exterior de US$ 2,97 bilh\u00f5es para US$ 4,04 bilh\u00f5es, enquanto as receitas dos gastos de turistas estrangeiros no Brasil, embora tenha variado positivamente, subiu menos, de US$ 1,60 bilh\u00e3o para US$ 1,71 bilh\u00e3o.<\/p>\n<p>A avalia\u00e7\u00e3o da confedera\u00e7\u00e3o, no entanto, \u00e9 de que a recente eleva\u00e7\u00e3o cambial desvalorizando o real em 10,95% de 25 de janeiro a 30 de abril, poder\u00e1 resultar no redirecionamento de recursos das fam\u00edlias com viagens internacionais para viagens dom\u00e9sticas, incrementando o volume de vendas das atividades tur\u00edsticas no pa\u00eds.<\/p>\n<p>&nbsp;<\/p>\n<p>Fonte: Ag\u00eancia Brasil<\/p>\n","protected":false},"excerpt":{"rendered":"<p>Impulsionado pelo segmento de transporte de passageiros, o setor de turismo fechou os primeiros quatro meses do ano com saldo positivo de 2.762 postos de trabalho. Os dados fazem parte do estudo Empregabilidade no Turismo, divulgado nesta sexta-feira, 8, pela Confedera\u00e7\u00e3o Nacional do Com\u00e9rcio de Bens, Servi\u00e7os e Turismo (CNC). Elaborado a partir de dados [&hellip;]<\/p>\n","protected":false},"author":96,"featured_media":107334,"comment_status":"closed","ping_status":"closed","sticky":false,"template":"","format":"standard","meta":{"footnotes":""},"categories":[261,439],"tags":[],"class_list":["post-107333","post","type-post","status-publish","format-standard","has-post-thumbnail","hentry","category-economia","category-ultima-hora"],"_links":{"self":[{"href":"https:\/\/diarioregionaldigital.com.br\/index.php?rest_route=\/wp\/v2\/posts\/107333","targetHints":{"allow":["GET"]}}],"collection":[{"href":"https:\/\/diarioregionaldigital.com.br\/index.php?rest_route=\/wp\/v2\/posts"}],"about":[{"href":"https:\/\/diarioregionaldigital.com.br\/index.php?rest_route=\/wp\/v2\/types\/post"}],"author":[{"embeddable":true,"href":"https:\/\/diarioregionaldigital.com.br\/index.php?rest_route=\/wp\/v2\/users\/96"}],"replies":[{"embeddable":true,"href":"https:\/\/diarioregionaldigital.com.br\/index.php?rest_route=%2Fwp%2Fv2%2Fcomments&post=107333"}],"version-history":[{"count":0,"href":"https:\/\/diarioregionaldigital.com.br\/index.php?rest_route=\/wp\/v2\/posts\/107333\/revisions"}],"wp:featuredmedia":[{"embeddable":true,"href":"https:\/\/diarioregionaldigital.com.br\/index.php?rest_route=\/wp\/v2\/media\/107334"}],"wp:attachment":[{"href":"https:\/\/diarioregionaldigital.com.br\/index.php?rest_route=%2Fwp%2Fv2%2Fmedia&parent=107333"}],"wp:term":[{"taxonomy":"category","embeddable":true,"href":"https:\/\/diarioregionaldigital.com.br\/index.php?rest_route=%2Fwp%2Fv2%2Fcategories&post=107333"},{"taxonomy":"post_tag","embeddable":true,"href":"https:\/\/diarioregionaldigital.com.br\/index.php?rest_route=%2Fwp%2Fv2%2Ftags&post=107333"}],"curies":[{"name":"wp","href":"https:\/\/api.w.org\/{rel}","templated":true}]}}