{"id":107324,"date":"2018-06-08T12:42:45","date_gmt":"2018-06-08T15:42:45","guid":{"rendered":"http:\/\/diarioregionaljf.com.br\/?p=107324"},"modified":"2018-06-08T12:43:14","modified_gmt":"2018-06-08T15:43:14","slug":"minas-registra-89-ataques-a-veiculos-desde-domingo","status":"publish","type":"post","link":"https:\/\/diarioregionaldigital.com.br\/?p=107324","title":{"rendered":"Minas registra 89 ataques a ve\u00edculos desde domingo"},"content":{"rendered":"<p>A Pol\u00edcia Militar j\u00e1 contabiliza 89 ataques a ve\u00edculos em Minas Gerais desde domingo, 3. No total, 64 \u00f4nibus foram inc\u00eandiados em 37 cidades. Os mais recentes ocorreram na noite de ontem, 7, no bairro Maria Gorete, em Belo Horizonte, \u00e0s 23h13, e em Passa Quatro, no sul de Minas, \u00e0s 19h30. Desde quarta-feira, 29 \u00f4nibus foram incendiados.<\/p>\n<p>At\u00e9 ontem, 82 pessoas foram presas e 22 adolescentes, apreendidos, por suspeitas de envolvimento com os ataques. O procedimento adotado pelos criminosos nos ataques de ontem foi similar aos dos anteriores, com os bandidos.<\/p>\n<p>De acordo com o governador Fernando Pimentel, os atentados foram feitos por \u201cfac\u00e7\u00f5es criminosas\u201d, em resposta ao fato de Minas Gerais ter \u201cum dos sistemas penitenci\u00e1rios mais rigorosos do pa\u00eds\u201d.<\/p>\n<p>Procurada pela Ag\u00eancia Brasil, a Secretaria de Administra\u00e7\u00e3o Prisional informou que as for\u00e7as de seguran\u00e7a de Minas est\u00e3o trabalhando \u201cdiuturnamente\u201d, de forma integrada, contando inclusive com a colabora\u00e7\u00e3o da Pol\u00edcia Federal, al\u00e9m da pr\u00f3pria administra\u00e7\u00e3o prisional, de for\u00e7as estaduais, da Secretarias de Seguran\u00e7a P\u00fablica e do Gabinete Militar do Governador.<\/p>\n<p>Policiais militares est\u00e3o \u00e0 paisana em \u00f4nibus e pontos de \u00f4nibus para conter a\u00e7\u00f5es e identificar suspeitos. Al\u00e9m disso, o policiamento foi refor\u00e7ado em cidades que j\u00e1 passaram por a\u00e7\u00f5es de seguran\u00e7a ou que tiveram demandas oriundas de informa\u00e7\u00e3o da intelig\u00eancia do sistema de seguran\u00e7a.<\/p>\n<p>&nbsp;<\/p>\n<p>Fonte: Ag\u00eancia Brasil<\/p>\n","protected":false},"excerpt":{"rendered":"<p>A Pol\u00edcia Militar j\u00e1 contabiliza 89 ataques a ve\u00edculos em Minas Gerais desde domingo, 3. No total, 64 \u00f4nibus foram inc\u00eandiados em 37 cidades. Os mais recentes ocorreram na noite de ontem, 7, no bairro Maria Gorete, em Belo Horizonte, \u00e0s 23h13, e em Passa Quatro, no sul de Minas, \u00e0s 19h30. Desde quarta-feira, 29 [&hellip;]<\/p>\n","protected":false},"author":96,"featured_media":107325,"comment_status":"closed","ping_status":"closed","sticky":false,"template":"","format":"standard","meta":{"footnotes":""},"categories":[436,252],"tags":[],"class_list":["post-107324","post","type-post","status-publish","format-standard","has-post-thumbnail","hentry","category-destaque-da-semana","category-regiao"],"_links":{"self":[{"href":"https:\/\/diarioregionaldigital.com.br\/index.php?rest_route=\/wp\/v2\/posts\/107324","targetHints":{"allow":["GET"]}}],"collection":[{"href":"https:\/\/diarioregionaldigital.com.br\/index.php?rest_route=\/wp\/v2\/posts"}],"about":[{"href":"https:\/\/diarioregionaldigital.com.br\/index.php?rest_route=\/wp\/v2\/types\/post"}],"author":[{"embeddable":true,"href":"https:\/\/diarioregionaldigital.com.br\/index.php?rest_route=\/wp\/v2\/users\/96"}],"replies":[{"embeddable":true,"href":"https:\/\/diarioregionaldigital.com.br\/index.php?rest_route=%2Fwp%2Fv2%2Fcomments&post=107324"}],"version-history":[{"count":0,"href":"https:\/\/diarioregionaldigital.com.br\/index.php?rest_route=\/wp\/v2\/posts\/107324\/revisions"}],"wp:featuredmedia":[{"embeddable":true,"href":"https:\/\/diarioregionaldigital.com.br\/index.php?rest_route=\/wp\/v2\/media\/107325"}],"wp:attachment":[{"href":"https:\/\/diarioregionaldigital.com.br\/index.php?rest_route=%2Fwp%2Fv2%2Fmedia&parent=107324"}],"wp:term":[{"taxonomy":"category","embeddable":true,"href":"https:\/\/diarioregionaldigital.com.br\/index.php?rest_route=%2Fwp%2Fv2%2Fcategories&post=107324"},{"taxonomy":"post_tag","embeddable":true,"href":"https:\/\/diarioregionaldigital.com.br\/index.php?rest_route=%2Fwp%2Fv2%2Ftags&post=107324"}],"curies":[{"name":"wp","href":"https:\/\/api.w.org\/{rel}","templated":true}]}}