{"id":107321,"date":"2018-06-08T12:35:50","date_gmt":"2018-06-08T15:35:50","guid":{"rendered":"http:\/\/diarioregionaljf.com.br\/?p=107321"},"modified":"2018-06-08T12:36:07","modified_gmt":"2018-06-08T15:36:07","slug":"fachin-rejeita-mais-um-habeas-corpus-de-ex-ministro-antonio-palocci","status":"publish","type":"post","link":"https:\/\/diarioregionaldigital.com.br\/?p=107321","title":{"rendered":"Fachin rejeita mais um habeas corpus de ex-ministro Antonio Palocci"},"content":{"rendered":"<p>O ministro Edson Fachin, relator da Lava Jato no Supremo Tribunal Federal (STF), rejeitou mais um habeas corpus do ex-ministro da Fazenda Antonio Palocci, preso h\u00e1 mais de dois anos no Paran\u00e1.<\/p>\n<p>Palocci foi preso preventivamente em 26 de setembro de 2016 e continua na cadeia por determina\u00e7\u00e3o do juiz Sergio Moro, da 13\u00aa Vara Federal de Curitiba. Para o magistrado, h\u00e1 risco de que o ex-ministro continue a cometer crimes ou atrapalhe as investiga\u00e7\u00f5es de sua participa\u00e7\u00e3o em desvios na Petrobras.<\/p>\n<p>No pedido de liberdade mais recente ao STF, a defesa afirmou que considerar que Palocci continuar\u00e1 a delinquir \u00e9 \u201cmera suposi\u00e7\u00e3o\u201d e salientou que ele n\u00e3o ocupa mais cargos p\u00fablicos, n\u00e3o tendo mais condi\u00e7\u00f5es de atuar contra as investiga\u00e7\u00f5es.<\/p>\n<p>Fachin, por\u00e9m, n\u00e3o entrou no m\u00e9rito das raz\u00f5es para a pris\u00e3o do ex-ministro, negando seguimento ao habeas corpus. Ele ressaltou que o plen\u00e1rio do STF j\u00e1 negou o pedido de liberdade de Palocci, em 12 de abril, e que n\u00e3o h\u00e1 argumenta\u00e7\u00f5es da defesa capazes de justificar nova an\u00e1lise.<\/p>\n<p>Para o ministro, \u201co Tribunal Pleno efetiva e substancialmente debru\u00e7ou-se sobre as teses articuladas pela defesa\u201d.<\/p>\n<p>O advogado Alessandro Silverio, que representa Palocci no STF, disse que entrar\u00e1 com um agravo regimental contra a decis\u00e3o de Fachin, o que pode levar a Segunda Turma a voltar a discutir a pris\u00e3o do ex-ministro.<\/p>\n<p>Em paralelo, Palocci tenta emplacar um acordo de colabora\u00e7\u00e3o premiada, no qual revelaria diferentes negociatas entre empres\u00e1rios e o governo quando era ministro da Fazenda. Uma poss\u00edvel dela\u00e7\u00e3o, entretanto, ainda n\u00e3o foi homologada pela Justi\u00e7a.<\/p>\n<p>O ex-ministro j\u00e1 foi condenado por Moro a 12 anos e 2 meses de pris\u00e3o por corrup\u00e7\u00e3o passiva e lavagem de dinheiro. Ele apelou \u00e0 segunda inst\u00e2ncia, mas o processo ainda n\u00e3o foi julgado.<\/p>\n<p>&nbsp;<\/p>\n<p>Fonte: Ag\u00eancia Brasil<\/p>\n","protected":false},"excerpt":{"rendered":"<p>O ministro Edson Fachin, relator da Lava Jato no Supremo Tribunal Federal (STF), rejeitou mais um habeas corpus do ex-ministro da Fazenda Antonio Palocci, preso h\u00e1 mais de dois anos no Paran\u00e1. Palocci foi preso preventivamente em 26 de setembro de 2016 e continua na cadeia por determina\u00e7\u00e3o do juiz Sergio Moro, da 13\u00aa Vara [&hellip;]<\/p>\n","protected":false},"author":96,"featured_media":107322,"comment_status":"closed","ping_status":"closed","sticky":false,"template":"","format":"standard","meta":{"footnotes":""},"categories":[254,439],"tags":[],"class_list":["post-107321","post","type-post","status-publish","format-standard","has-post-thumbnail","hentry","category-politica","category-ultima-hora"],"_links":{"self":[{"href":"https:\/\/diarioregionaldigital.com.br\/index.php?rest_route=\/wp\/v2\/posts\/107321","targetHints":{"allow":["GET"]}}],"collection":[{"href":"https:\/\/diarioregionaldigital.com.br\/index.php?rest_route=\/wp\/v2\/posts"}],"about":[{"href":"https:\/\/diarioregionaldigital.com.br\/index.php?rest_route=\/wp\/v2\/types\/post"}],"author":[{"embeddable":true,"href":"https:\/\/diarioregionaldigital.com.br\/index.php?rest_route=\/wp\/v2\/users\/96"}],"replies":[{"embeddable":true,"href":"https:\/\/diarioregionaldigital.com.br\/index.php?rest_route=%2Fwp%2Fv2%2Fcomments&post=107321"}],"version-history":[{"count":0,"href":"https:\/\/diarioregionaldigital.com.br\/index.php?rest_route=\/wp\/v2\/posts\/107321\/revisions"}],"wp:featuredmedia":[{"embeddable":true,"href":"https:\/\/diarioregionaldigital.com.br\/index.php?rest_route=\/wp\/v2\/media\/107322"}],"wp:attachment":[{"href":"https:\/\/diarioregionaldigital.com.br\/index.php?rest_route=%2Fwp%2Fv2%2Fmedia&parent=107321"}],"wp:term":[{"taxonomy":"category","embeddable":true,"href":"https:\/\/diarioregionaldigital.com.br\/index.php?rest_route=%2Fwp%2Fv2%2Fcategories&post=107321"},{"taxonomy":"post_tag","embeddable":true,"href":"https:\/\/diarioregionaldigital.com.br\/index.php?rest_route=%2Fwp%2Fv2%2Ftags&post=107321"}],"curies":[{"name":"wp","href":"https:\/\/api.w.org\/{rel}","templated":true}]}}