{"id":107310,"date":"2018-06-08T12:26:45","date_gmt":"2018-06-08T15:26:45","guid":{"rendered":"http:\/\/diarioregionaljf.com.br\/?p=107310"},"modified":"2018-06-08T15:15:26","modified_gmt":"2018-06-08T18:15:26","slug":"pc-prende-20-pessoas-apreende-drogas-automoveis-e-dinheiro-em-operacao-contra-trafico-em-cataguases","status":"publish","type":"post","link":"https:\/\/diarioregionaldigital.com.br\/?p=107310","title":{"rendered":"PC prende 20 pessoas, apreende drogas, autom\u00f3veis e dinheiro em opera\u00e7\u00e3o contra tr\u00e1fico em Cataguases"},"content":{"rendered":"<p>Nesta sexta-feira, 8, a Pol\u00edcia Civil de Minas Gerais deflagrou, em Cataguases, a opera\u00e7\u00e3o policial denominada &#8220;CATULLUS&#8221;, visando cumprir\u00a0 17 mandados de pris\u00e3o tempor\u00e1ria e 19 mandados de busca e apreens\u00e3o para combater o tr\u00e1fico il\u00edcito de subst\u00e2ncias entorpecentes.<\/p>\n<p>Durante a manobra deflagrada hoje, 12 pessoas foram presas. Ao todo, na opera\u00e7\u00e3o, foram 20 pessoas presas. Conforme informa\u00e7\u00f5es do Delegado Diego Mattos de Vilhena, ao longo de dez meses de investiga\u00e7\u00f5es &#8211; a fim de desmantelar uma associa\u00e7\u00e3o criminosa que praticava o tr\u00e1fico de drogas- outras oito pessoas foram presas, al\u00e9m da apreens\u00e3o de cinco carros, duas motocicletas, cerca de R$18 mil e aproximadamente 800 gramas de crack, tr\u00eas tabletes de maconha e R$18 mil.<\/p>\n<p>A opera\u00e7\u00e3o contou com a participa\u00e7\u00e3o de mais de 70 policiais civis,\u00a0 al\u00e9m do apoio do helic\u00f3ptero da Pol\u00edcia Civil de Minas\u00a0 e da equipe do canil.<\/p>\n<p><img loading=\"lazy\" decoding=\"async\" class=\"alignnone wp-image-107315\" src=\"http:\/\/diarioregionaljf.com.br\/wp-content\/uploads\/2018\/06\/opcataguas-300x119.jpg\" alt=\"\" width=\"413\" height=\"164\" srcset=\"https:\/\/diarioregionaldigital.com.br\/wp-content\/uploads\/2018\/06\/opcataguas-300x119.jpg 300w, https:\/\/diarioregionaldigital.com.br\/wp-content\/uploads\/2018\/06\/opcataguas-768x304.jpg 768w, https:\/\/diarioregionaldigital.com.br\/wp-content\/uploads\/2018\/06\/opcataguas-1024x405.jpg 1024w, https:\/\/diarioregionaldigital.com.br\/wp-content\/uploads\/2018\/06\/opcataguas-360x142.jpg 360w, https:\/\/diarioregionaldigital.com.br\/wp-content\/uploads\/2018\/06\/opcataguas.jpg 1280w\" sizes=\"auto, (max-width: 413px) 100vw, 413px\" \/><\/p>\n<p><img loading=\"lazy\" decoding=\"async\" class=\"alignnone size-medium wp-image-107314\" src=\"http:\/\/diarioregionaljf.com.br\/wp-content\/uploads\/2018\/06\/opcata-225x300.jpg\" alt=\"\" width=\"225\" height=\"300\" srcset=\"https:\/\/diarioregionaldigital.com.br\/wp-content\/uploads\/2018\/06\/opcata-225x300.jpg 225w, https:\/\/diarioregionaldigital.com.br\/wp-content\/uploads\/2018\/06\/opcata-768x1024.jpg 768w, https:\/\/diarioregionaldigital.com.br\/wp-content\/uploads\/2018\/06\/opcata-360x480.jpg 360w, https:\/\/diarioregionaldigital.com.br\/wp-content\/uploads\/2018\/06\/opcata.jpg 960w\" sizes=\"auto, (max-width: 225px) 100vw, 225px\" \/><\/p>\n<p>Fonte: Assessoria \/ Pol\u00edcia Civil<\/p>\n","protected":false},"excerpt":{"rendered":"<p>Nesta sexta-feira, 8, a Pol\u00edcia Civil de Minas Gerais deflagrou, em Cataguases, a opera\u00e7\u00e3o policial denominada &#8220;CATULLUS&#8221;, visando cumprir\u00a0 17 mandados de pris\u00e3o tempor\u00e1ria e 19 mandados de busca e apreens\u00e3o para combater o tr\u00e1fico il\u00edcito de subst\u00e2ncias entorpecentes. Durante a manobra deflagrada hoje, 12 pessoas foram presas. Ao todo, na opera\u00e7\u00e3o, foram 20 pessoas [&hellip;]<\/p>\n","protected":false},"author":96,"featured_media":107313,"comment_status":"closed","ping_status":"closed","sticky":false,"template":"","format":"standard","meta":{"footnotes":""},"categories":[252,439],"tags":[],"class_list":["post-107310","post","type-post","status-publish","format-standard","has-post-thumbnail","hentry","category-regiao","category-ultima-hora"],"_links":{"self":[{"href":"https:\/\/diarioregionaldigital.com.br\/index.php?rest_route=\/wp\/v2\/posts\/107310","targetHints":{"allow":["GET"]}}],"collection":[{"href":"https:\/\/diarioregionaldigital.com.br\/index.php?rest_route=\/wp\/v2\/posts"}],"about":[{"href":"https:\/\/diarioregionaldigital.com.br\/index.php?rest_route=\/wp\/v2\/types\/post"}],"author":[{"embeddable":true,"href":"https:\/\/diarioregionaldigital.com.br\/index.php?rest_route=\/wp\/v2\/users\/96"}],"replies":[{"embeddable":true,"href":"https:\/\/diarioregionaldigital.com.br\/index.php?rest_route=%2Fwp%2Fv2%2Fcomments&post=107310"}],"version-history":[{"count":0,"href":"https:\/\/diarioregionaldigital.com.br\/index.php?rest_route=\/wp\/v2\/posts\/107310\/revisions"}],"wp:featuredmedia":[{"embeddable":true,"href":"https:\/\/diarioregionaldigital.com.br\/index.php?rest_route=\/wp\/v2\/media\/107313"}],"wp:attachment":[{"href":"https:\/\/diarioregionaldigital.com.br\/index.php?rest_route=%2Fwp%2Fv2%2Fmedia&parent=107310"}],"wp:term":[{"taxonomy":"category","embeddable":true,"href":"https:\/\/diarioregionaldigital.com.br\/index.php?rest_route=%2Fwp%2Fv2%2Fcategories&post=107310"},{"taxonomy":"post_tag","embeddable":true,"href":"https:\/\/diarioregionaldigital.com.br\/index.php?rest_route=%2Fwp%2Fv2%2Ftags&post=107310"}],"curies":[{"name":"wp","href":"https:\/\/api.w.org\/{rel}","templated":true}]}}