{"id":107305,"date":"2018-06-08T11:52:22","date_gmt":"2018-06-08T14:52:22","guid":{"rendered":"http:\/\/diarioregionaljf.com.br\/?p=107305"},"modified":"2018-06-08T12:01:51","modified_gmt":"2018-06-08T15:01:51","slug":"policia-civil-localiza-laboratorio-para-producao-de-cocaina-no-bairro-nova-benfica","status":"publish","type":"post","link":"https:\/\/diarioregionaldigital.com.br\/?p=107305","title":{"rendered":"Pol\u00edcia Civil localiza laborat\u00f3rio para produ\u00e7\u00e3o de coca\u00edna no bairro Nova Benfica"},"content":{"rendered":"<p>A Pol\u00edcia Civil de Minas Gerais atrav\u00e9s do 4\u00b0 Departamento de Pol\u00edcia Civil, 1\u00aa DRPC de Juiz de Fora-MG, atrav\u00e9s da Delegacia Especializada Antidrogas localizou na noite desta quinta-feira, 7, um laborat\u00f3rio improvisado para produzir coca\u00edna na regi\u00e3o Norte de Juiz de Fora.<\/p>\n<p>&nbsp;<\/p>\n<p>Desde o in\u00edcio do dia os policiais da especializada estavam empenhados na apura\u00e7\u00e3o do com\u00e9rcio de uma coca\u00edna de maior qualidade que estaria sendo vendida em diversos bairros da zona Norte.<\/p>\n<p>&nbsp;<\/p>\n<p>Ap\u00f3s as dilig\u00eancias ininterruptas os policiais receberam informa\u00e7\u00f5es de que tal coca\u00edna, chamada de &#8220;cavalinha&#8221; estaria sendo produzida em uma constru\u00e7\u00e3o abandonada no bairro Nova Benfica.<\/p>\n<p>&nbsp;<\/p>\n<p>O local era prop\u00edcio pra tal a\u00e7\u00e3o, tratando-se de um pr\u00e9dio sem ilumina\u00e7\u00e3o e cercada por vegeta\u00e7\u00e3o.<\/p>\n<p>&nbsp;<\/p>\n<p>Foi feita a incurs\u00e3o no local, momento em que pelo menos um indiv\u00edduo foi visto evadindo com uma mochila e uma sacola na m\u00e3o.<\/p>\n<p>&nbsp;<\/p>\n<p>Durante a fuga o mesmo dispensou no meio da vegeta\u00e7\u00e3o uma sacola contendo duas barras de pasta base de coca\u00edna, que foi arrecadada pelos policiais.<\/p>\n<p>&nbsp;<\/p>\n<p>No interior da constru\u00e7\u00e3o foram encontrados materiais pra refino, dentre eles, duas barras de pasta base de coca\u00edna, grande quantidade de \u00e1cido b\u00f3rico e frascos de cloreto de magn\u00e9sio.<\/p>\n<p>&nbsp;<\/p>\n<p>No local havia inclusive picha\u00e7\u00f5es escrito &#8220;cavalinha&#8221; em refer\u00eancia a coca\u00edna que era produzida no local.<\/p>\n<p>&nbsp;<\/p>\n<p>O titular da especializada ressalta a import\u00e2ncia da a\u00e7\u00e3o da noite, sendo que a apreens\u00e3o est\u00e1 avaliada em quase 15 mil reais e, ap\u00f3s o refino geraria um lucro ainda maior. O delegado informou que a unidade continuar\u00e1 empenhando seus esfor\u00e7os para identificar os envolvidos em tal pr\u00e1tica.<\/p>\n<p>&nbsp;<\/p>\n<p>Fonte: Assessoria \/ Pol\u00edcia Civil<\/p>\n","protected":false},"excerpt":{"rendered":"<p>A Pol\u00edcia Civil de Minas Gerais atrav\u00e9s do 4\u00b0 Departamento de Pol\u00edcia Civil, 1\u00aa DRPC de Juiz de Fora-MG, atrav\u00e9s da Delegacia Especializada Antidrogas localizou na noite desta quinta-feira, 7, um laborat\u00f3rio improvisado para produzir coca\u00edna na regi\u00e3o Norte de Juiz de Fora. &nbsp; Desde o in\u00edcio do dia os policiais da especializada estavam empenhados [&hellip;]<\/p>\n","protected":false},"author":96,"featured_media":107307,"comment_status":"closed","ping_status":"closed","sticky":false,"template":"","format":"standard","meta":{"footnotes":""},"categories":[253,440,439],"tags":[],"class_list":["post-107305","post","type-post","status-publish","format-standard","has-post-thumbnail","hentry","category-cidade","category-destaques-do-dia","category-ultima-hora"],"_links":{"self":[{"href":"https:\/\/diarioregionaldigital.com.br\/index.php?rest_route=\/wp\/v2\/posts\/107305","targetHints":{"allow":["GET"]}}],"collection":[{"href":"https:\/\/diarioregionaldigital.com.br\/index.php?rest_route=\/wp\/v2\/posts"}],"about":[{"href":"https:\/\/diarioregionaldigital.com.br\/index.php?rest_route=\/wp\/v2\/types\/post"}],"author":[{"embeddable":true,"href":"https:\/\/diarioregionaldigital.com.br\/index.php?rest_route=\/wp\/v2\/users\/96"}],"replies":[{"embeddable":true,"href":"https:\/\/diarioregionaldigital.com.br\/index.php?rest_route=%2Fwp%2Fv2%2Fcomments&post=107305"}],"version-history":[{"count":0,"href":"https:\/\/diarioregionaldigital.com.br\/index.php?rest_route=\/wp\/v2\/posts\/107305\/revisions"}],"wp:featuredmedia":[{"embeddable":true,"href":"https:\/\/diarioregionaldigital.com.br\/index.php?rest_route=\/wp\/v2\/media\/107307"}],"wp:attachment":[{"href":"https:\/\/diarioregionaldigital.com.br\/index.php?rest_route=%2Fwp%2Fv2%2Fmedia&parent=107305"}],"wp:term":[{"taxonomy":"category","embeddable":true,"href":"https:\/\/diarioregionaldigital.com.br\/index.php?rest_route=%2Fwp%2Fv2%2Fcategories&post=107305"},{"taxonomy":"post_tag","embeddable":true,"href":"https:\/\/diarioregionaldigital.com.br\/index.php?rest_route=%2Fwp%2Fv2%2Ftags&post=107305"}],"curies":[{"name":"wp","href":"https:\/\/api.w.org\/{rel}","templated":true}]}}