{"id":107292,"date":"2018-06-08T10:25:34","date_gmt":"2018-06-08T13:25:34","guid":{"rendered":"http:\/\/diarioregionaljf.com.br\/?p=107292"},"modified":"2018-06-08T10:25:56","modified_gmt":"2018-06-08T13:25:56","slug":"inflacao-acumulada-e-a-menor-desde-o-plano-real","status":"publish","type":"post","link":"https:\/\/diarioregionaldigital.com.br\/?p=107292","title":{"rendered":"Infla\u00e7\u00e3o acumulada \u00e9 a menor desde o Plano Real"},"content":{"rendered":"<p>A infla\u00e7\u00e3o, medida pelo \u00cdndice de Pre\u00e7os ao Consumidor Amplo (IPCA), fechou o m\u00eas de maio com alta de 0,4%, praticamente dobrando em rela\u00e7\u00e3o ao apurado na alta de abril: 0,22%.<\/p>\n<p>Apesar da alta, o resultado acumulado nos primeiros cinco meses do ano ficou em 1,33%, a menor infla\u00e7\u00e3o para o per\u00edodo desde a implanta\u00e7\u00e3o do Plano Real.<\/p>\n<p>Os dados foram divulgados hoje, 8, no Rio de Janeiro, pelo Instituto Brasileiro de Geografia e Estat\u00edstica (IBGE) e indicam que a infla\u00e7\u00e3o acumulada nos \u00faltimos doze meses subiu para 2,86%, contra 2,76% dos doze meses imediatamente anteriores. Em maio do ano passado a alta havia sido de 0,31%.<\/p>\n<p>O IPCA \u00e9 a infla\u00e7\u00e3o oficial do pa\u00eds e serve de balizamento para o plano de metas fixado pelo Banco Central.<\/p>\n<p>&nbsp;<\/p>\n<p>Fonte: Ag\u00eancia Brasil<\/p>\n","protected":false},"excerpt":{"rendered":"<p>A infla\u00e7\u00e3o, medida pelo \u00cdndice de Pre\u00e7os ao Consumidor Amplo (IPCA), fechou o m\u00eas de maio com alta de 0,4%, praticamente dobrando em rela\u00e7\u00e3o ao apurado na alta de abril: 0,22%. Apesar da alta, o resultado acumulado nos primeiros cinco meses do ano ficou em 1,33%, a menor infla\u00e7\u00e3o para o per\u00edodo desde a implanta\u00e7\u00e3o [&hellip;]<\/p>\n","protected":false},"author":96,"featured_media":105072,"comment_status":"closed","ping_status":"closed","sticky":false,"template":"","format":"standard","meta":{"footnotes":""},"categories":[261,439],"tags":[],"class_list":["post-107292","post","type-post","status-publish","format-standard","has-post-thumbnail","hentry","category-economia","category-ultima-hora"],"_links":{"self":[{"href":"https:\/\/diarioregionaldigital.com.br\/index.php?rest_route=\/wp\/v2\/posts\/107292","targetHints":{"allow":["GET"]}}],"collection":[{"href":"https:\/\/diarioregionaldigital.com.br\/index.php?rest_route=\/wp\/v2\/posts"}],"about":[{"href":"https:\/\/diarioregionaldigital.com.br\/index.php?rest_route=\/wp\/v2\/types\/post"}],"author":[{"embeddable":true,"href":"https:\/\/diarioregionaldigital.com.br\/index.php?rest_route=\/wp\/v2\/users\/96"}],"replies":[{"embeddable":true,"href":"https:\/\/diarioregionaldigital.com.br\/index.php?rest_route=%2Fwp%2Fv2%2Fcomments&post=107292"}],"version-history":[{"count":0,"href":"https:\/\/diarioregionaldigital.com.br\/index.php?rest_route=\/wp\/v2\/posts\/107292\/revisions"}],"wp:featuredmedia":[{"embeddable":true,"href":"https:\/\/diarioregionaldigital.com.br\/index.php?rest_route=\/wp\/v2\/media\/105072"}],"wp:attachment":[{"href":"https:\/\/diarioregionaldigital.com.br\/index.php?rest_route=%2Fwp%2Fv2%2Fmedia&parent=107292"}],"wp:term":[{"taxonomy":"category","embeddable":true,"href":"https:\/\/diarioregionaldigital.com.br\/index.php?rest_route=%2Fwp%2Fv2%2Fcategories&post=107292"},{"taxonomy":"post_tag","embeddable":true,"href":"https:\/\/diarioregionaldigital.com.br\/index.php?rest_route=%2Fwp%2Fv2%2Ftags&post=107292"}],"curies":[{"name":"wp","href":"https:\/\/api.w.org\/{rel}","templated":true}]}}