{"id":107290,"date":"2018-06-08T10:25:05","date_gmt":"2018-06-08T13:25:05","guid":{"rendered":"http:\/\/diarioregionaljf.com.br\/?p=107290"},"modified":"2018-06-08T12:22:25","modified_gmt":"2018-06-08T15:22:25","slug":"governo-diz-que-vai-revogar-nova-tabela-de-fretes-nesta-sexta-feira","status":"publish","type":"post","link":"https:\/\/diarioregionaldigital.com.br\/?p=107290","title":{"rendered":"Governo diz que vai revogar nova tabela de fretes nesta sexta-feira"},"content":{"rendered":"<p>O governo federal decidiu, na noite dessa quinta-feira, 7,\u00a0 que vai revogar hoje, 8, a nova \u00a0tabela com o pre\u00e7o m\u00ednimo do frete para o transporte rodovi\u00e1rio de cargas,\u00a0publicada\u00a0em edi\u00e7\u00e3o extra\u00a0do\u00a0<em>Di\u00e1rio Oficial da Uni\u00e3o\u00a0<\/em>no final da tarde dessa quinta-feira .<\/p>\n<p>De acordo com a assessoria do Minist\u00e9rio dos Transportes, com a decis\u00e3o, a tabela publicada pela Ag\u00eancia Nacional de Transportes Terrestres (ANTT) no dia 30 de maio estar\u00e1 valendo at\u00e9 uma nova tabela ser elaborada pela ag\u00eancia.<\/p>\n<p>Ainda segundo a assessoria, a decis\u00e3o foi tomada ap\u00f3s rea\u00e7\u00e3o dos representantes dos caminhoneiros com a publica\u00e7\u00e3o do documento nessa quinta-feira. A categoria se re\u00fane com o governo na manh\u00e3 desta sexta-feira na sede da ANTT \u00a0em Bras\u00edlia.<\/p>\n<p>A tabela que foi divulgada ontem foi elaborada porque, de acordo com ANTT, a anterior, publicada no dia 30, estava confusa. O documento que ser\u00e1 revogado previa valores de frete por quil\u00f4metro rodado combinado com o n\u00famero de eixos dos caminh\u00f5es e a possibilidade de negocia\u00e7\u00e3o do frete de retorno entre o contratante de origem e o transportador.<\/p>\n<p>O Ministro do Transporte, Valter Casimiro, disse em coletiva de imprensa, antes da decis\u00e3o de revogar o documento, que a nova tabela foi acordada com o setor do agroneg\u00f3cio, setor de cargas e combust\u00edvel e representantes dos caminhoneiros.<\/p>\n<p>A cria\u00e7\u00e3o de uma tabela de pre\u00e7o m\u00ednimo para o frete foi uma das reivindica\u00e7\u00f5es dos caminhoneiros durante a paralisa\u00e7\u00e3o da categoria que durou dez dias e resultou em preju\u00edzos em diversos setores da economia e em desabastecimento de combust\u00edveis, alimentos, entre outros produtos.<\/p>\n","protected":false},"excerpt":{"rendered":"<p>O governo federal decidiu, na noite dessa quinta-feira, 7,\u00a0 que vai revogar hoje, 8, a nova \u00a0tabela com o pre\u00e7o m\u00ednimo do frete para o transporte rodovi\u00e1rio de cargas,\u00a0publicada\u00a0em edi\u00e7\u00e3o extra\u00a0do\u00a0Di\u00e1rio Oficial da Uni\u00e3o\u00a0no final da tarde dessa quinta-feira . De acordo com a assessoria do Minist\u00e9rio dos Transportes, com a decis\u00e3o, a tabela publicada [&hellip;]<\/p>\n","protected":false},"author":96,"featured_media":107291,"comment_status":"closed","ping_status":"closed","sticky":false,"template":"","format":"standard","meta":{"footnotes":""},"categories":[254,439],"tags":[],"class_list":["post-107290","post","type-post","status-publish","format-standard","has-post-thumbnail","hentry","category-politica","category-ultima-hora"],"_links":{"self":[{"href":"https:\/\/diarioregionaldigital.com.br\/index.php?rest_route=\/wp\/v2\/posts\/107290","targetHints":{"allow":["GET"]}}],"collection":[{"href":"https:\/\/diarioregionaldigital.com.br\/index.php?rest_route=\/wp\/v2\/posts"}],"about":[{"href":"https:\/\/diarioregionaldigital.com.br\/index.php?rest_route=\/wp\/v2\/types\/post"}],"author":[{"embeddable":true,"href":"https:\/\/diarioregionaldigital.com.br\/index.php?rest_route=\/wp\/v2\/users\/96"}],"replies":[{"embeddable":true,"href":"https:\/\/diarioregionaldigital.com.br\/index.php?rest_route=%2Fwp%2Fv2%2Fcomments&post=107290"}],"version-history":[{"count":0,"href":"https:\/\/diarioregionaldigital.com.br\/index.php?rest_route=\/wp\/v2\/posts\/107290\/revisions"}],"wp:featuredmedia":[{"embeddable":true,"href":"https:\/\/diarioregionaldigital.com.br\/index.php?rest_route=\/wp\/v2\/media\/107291"}],"wp:attachment":[{"href":"https:\/\/diarioregionaldigital.com.br\/index.php?rest_route=%2Fwp%2Fv2%2Fmedia&parent=107290"}],"wp:term":[{"taxonomy":"category","embeddable":true,"href":"https:\/\/diarioregionaldigital.com.br\/index.php?rest_route=%2Fwp%2Fv2%2Fcategories&post=107290"},{"taxonomy":"post_tag","embeddable":true,"href":"https:\/\/diarioregionaldigital.com.br\/index.php?rest_route=%2Fwp%2Fv2%2Ftags&post=107290"}],"curies":[{"name":"wp","href":"https:\/\/api.w.org\/{rel}","templated":true}]}}