{"id":107287,"date":"2018-06-08T10:17:45","date_gmt":"2018-06-08T13:17:45","guid":{"rendered":"http:\/\/diarioregionaljf.com.br\/?p=107287"},"modified":"2018-06-08T12:02:20","modified_gmt":"2018-06-08T15:02:20","slug":"pela-primeira-vez-tse-manda-retirar-fake-news-da-internet","status":"publish","type":"post","link":"https:\/\/diarioregionaldigital.com.br\/?p=107287","title":{"rendered":"Pela primeira vez, TSE manda retirar fake news da internet"},"content":{"rendered":"<p>O ministro substituto do Tribunal Superior Eleitoral (TSE) S\u00e9rgio Banhos determinou nessa quinta-feira, 7,\u00a0que o Facebook retire ao ar um perfil an\u00f4nimo que divulgava fatos inver\u00eddicos sobre a ex-senadora e pr\u00e9-candidata \u00e0 Presid\u00eancia da Rep\u00fablica Marina Silva. Com a decis\u00e3o, a empresa\u00a0<span id=\"OBJ_PREFIX_DWT765_com_zimbra_date\" role=\"link\">ter<\/span>\u00e1 48 horas para remover o conte\u00fado, al\u00e9m de fornecer os dados dos administradores do conte\u00fado.<\/p>\n<p>A decis\u00e3o do ministro foi tomada a partir de uma a\u00e7\u00e3o do partido Rede Sustentabilidade. A legenda alegou que foram publicados cinco textos que associavam Marina Silva a atos de corrup\u00e7\u00e3o.<\/p>\n<p>Segundo o partido, a ex-senadora n\u00e3o \u00e9 investigada em nenhum processo em andamento na Justi\u00e7a.<\/p>\n<p>Ao decidir sobre a quest\u00e3o, o ministro afirmou que, embora a Constitui\u00e7\u00e3o garanta a liberdade de express\u00e3o, a prote\u00e7\u00e3o n\u00e3o se estende a casos de manifesta\u00e7\u00e3o an\u00f4nima. \u201cDevemos estar dispostos e engajados em fazer destas elei\u00e7\u00f5es uma disputa leal, com incondicional respeito \u00e0s regras do certame eleitoral, demonstrando fidelidade \u00e0s institui\u00e7\u00f5es e ao regime democr\u00e1tico\u201d, entendeu o ministro.<\/p>\n<p>Fonte: Ag\u00eancia Brasil<\/p>\n","protected":false},"excerpt":{"rendered":"<p>O ministro substituto do Tribunal Superior Eleitoral (TSE) S\u00e9rgio Banhos determinou nessa quinta-feira, 7,\u00a0que o Facebook retire ao ar um perfil an\u00f4nimo que divulgava fatos inver\u00eddicos sobre a ex-senadora e pr\u00e9-candidata \u00e0 Presid\u00eancia da Rep\u00fablica Marina Silva. Com a decis\u00e3o, a empresa\u00a0ter\u00e1 48 horas para remover o conte\u00fado, al\u00e9m de fornecer os dados dos administradores [&hellip;]<\/p>\n","protected":false},"author":96,"featured_media":107288,"comment_status":"closed","ping_status":"closed","sticky":false,"template":"","format":"standard","meta":{"footnotes":""},"categories":[436,254,439],"tags":[],"class_list":["post-107287","post","type-post","status-publish","format-standard","has-post-thumbnail","hentry","category-destaque-da-semana","category-politica","category-ultima-hora"],"_links":{"self":[{"href":"https:\/\/diarioregionaldigital.com.br\/index.php?rest_route=\/wp\/v2\/posts\/107287","targetHints":{"allow":["GET"]}}],"collection":[{"href":"https:\/\/diarioregionaldigital.com.br\/index.php?rest_route=\/wp\/v2\/posts"}],"about":[{"href":"https:\/\/diarioregionaldigital.com.br\/index.php?rest_route=\/wp\/v2\/types\/post"}],"author":[{"embeddable":true,"href":"https:\/\/diarioregionaldigital.com.br\/index.php?rest_route=\/wp\/v2\/users\/96"}],"replies":[{"embeddable":true,"href":"https:\/\/diarioregionaldigital.com.br\/index.php?rest_route=%2Fwp%2Fv2%2Fcomments&post=107287"}],"version-history":[{"count":0,"href":"https:\/\/diarioregionaldigital.com.br\/index.php?rest_route=\/wp\/v2\/posts\/107287\/revisions"}],"wp:featuredmedia":[{"embeddable":true,"href":"https:\/\/diarioregionaldigital.com.br\/index.php?rest_route=\/wp\/v2\/media\/107288"}],"wp:attachment":[{"href":"https:\/\/diarioregionaldigital.com.br\/index.php?rest_route=%2Fwp%2Fv2%2Fmedia&parent=107287"}],"wp:term":[{"taxonomy":"category","embeddable":true,"href":"https:\/\/diarioregionaldigital.com.br\/index.php?rest_route=%2Fwp%2Fv2%2Fcategories&post=107287"},{"taxonomy":"post_tag","embeddable":true,"href":"https:\/\/diarioregionaldigital.com.br\/index.php?rest_route=%2Fwp%2Fv2%2Ftags&post=107287"}],"curies":[{"name":"wp","href":"https:\/\/api.w.org\/{rel}","templated":true}]}}