{"id":107284,"date":"2018-06-08T10:14:47","date_gmt":"2018-06-08T13:14:47","guid":{"rendered":"http:\/\/diarioregionaljf.com.br\/?p=107284"},"modified":"2018-06-08T12:27:20","modified_gmt":"2018-06-08T15:27:20","slug":"justica-mantem-lider-do-comando-vermelho-em-presidio-fora-do-rio","status":"publish","type":"post","link":"https:\/\/diarioregionaldigital.com.br\/?p=107284","title":{"rendered":"Justi\u00e7a mant\u00e9m l\u00edder do Comando Vermelho em pres\u00eddio fora do Rio"},"content":{"rendered":"<p>A Justi\u00e7a do Rio de Janeiro obteve a perman\u00eancia de Wallace Carlos da Concei\u00e7\u00e3o, vulgo Churrasquinho, no pres\u00eddio federal em Mossor\u00f3, Rio Grande do Norte.\u00a0 Considerado um dos l\u00edderes da organiza\u00e7\u00e3o criminosa Comando Vermelho (CV), Wallace havia conseguido o benef\u00edcio da transfer\u00eancia para o Rio no dia 4 \u00faltimo.<\/p>\n<p>Com a concess\u00e3o de efeito suspensivo ao recurso especial, deferido em 30 de maio pela terceira vice-presidente do Tribunal de Justi\u00e7a do Estado do Rio de Janeiro, desembargadora Maria Augusta Vaz Monteiro de Figueiredo, o condenado ser\u00e1 enviado de volta ao pres\u00eddio de seguran\u00e7a m\u00e1xima no Rio Grande do Norte. O pedido foi feito pela Assessoria de Recursos Constitucionais Criminais do Minist\u00e9rio P\u00fablico do Rio.<\/p>\n<p><strong>Hist\u00f3rico<\/strong><\/p>\n<p>O criminoso possui longa ficha criminal, da qual constam crimes como roubo, quadrilha ou bando, homic\u00eddio, financiamento e associa\u00e7\u00e3o para o tr\u00e1fico de drogas, evas\u00e3o mediante viol\u00eancia contra pessoa, oculta\u00e7\u00e3o de cad\u00e1ver e porte de arma de uso restrito, entre outros. Por isso, sua perman\u00eancia fora do estado de atua\u00e7\u00e3o \u00e9 considerada medida de amplo interesse no \u00e2mbito da seguran\u00e7a p\u00fablica.<\/p>\n<p>No recurso especial, o Minist\u00e9rio P\u00fablico informa que a perman\u00eancia de Wallace Carlos no Rio representa grave risco \u00e0 pol\u00edtica de seguran\u00e7a sob interven\u00e7\u00e3o federal, diante da suspeita da comunica\u00e7\u00e3o estabelecida com comparsas, por meio de advogados e visitantes, pr\u00e1tica historicamente verificada nas unidades prisionais.<\/p>\n<p>Fonte: Ag\u00eancia Brasil<\/p>\n","protected":false},"excerpt":{"rendered":"<p>A Justi\u00e7a do Rio de Janeiro obteve a perman\u00eancia de Wallace Carlos da Concei\u00e7\u00e3o, vulgo Churrasquinho, no pres\u00eddio federal em Mossor\u00f3, Rio Grande do Norte.\u00a0 Considerado um dos l\u00edderes da organiza\u00e7\u00e3o criminosa Comando Vermelho (CV), Wallace havia conseguido o benef\u00edcio da transfer\u00eancia para o Rio no dia 4 \u00faltimo. Com a concess\u00e3o de efeito suspensivo [&hellip;]<\/p>\n","protected":false},"author":96,"featured_media":97709,"comment_status":"closed","ping_status":"closed","sticky":false,"template":"","format":"standard","meta":{"footnotes":""},"categories":[302,439],"tags":[],"class_list":["post-107284","post","type-post","status-publish","format-standard","has-post-thumbnail","hentry","category-brasil-mundo","category-ultima-hora"],"_links":{"self":[{"href":"https:\/\/diarioregionaldigital.com.br\/index.php?rest_route=\/wp\/v2\/posts\/107284","targetHints":{"allow":["GET"]}}],"collection":[{"href":"https:\/\/diarioregionaldigital.com.br\/index.php?rest_route=\/wp\/v2\/posts"}],"about":[{"href":"https:\/\/diarioregionaldigital.com.br\/index.php?rest_route=\/wp\/v2\/types\/post"}],"author":[{"embeddable":true,"href":"https:\/\/diarioregionaldigital.com.br\/index.php?rest_route=\/wp\/v2\/users\/96"}],"replies":[{"embeddable":true,"href":"https:\/\/diarioregionaldigital.com.br\/index.php?rest_route=%2Fwp%2Fv2%2Fcomments&post=107284"}],"version-history":[{"count":0,"href":"https:\/\/diarioregionaldigital.com.br\/index.php?rest_route=\/wp\/v2\/posts\/107284\/revisions"}],"wp:featuredmedia":[{"embeddable":true,"href":"https:\/\/diarioregionaldigital.com.br\/index.php?rest_route=\/wp\/v2\/media\/97709"}],"wp:attachment":[{"href":"https:\/\/diarioregionaldigital.com.br\/index.php?rest_route=%2Fwp%2Fv2%2Fmedia&parent=107284"}],"wp:term":[{"taxonomy":"category","embeddable":true,"href":"https:\/\/diarioregionaldigital.com.br\/index.php?rest_route=%2Fwp%2Fv2%2Fcategories&post=107284"},{"taxonomy":"post_tag","embeddable":true,"href":"https:\/\/diarioregionaldigital.com.br\/index.php?rest_route=%2Fwp%2Fv2%2Ftags&post=107284"}],"curies":[{"name":"wp","href":"https:\/\/api.w.org\/{rel}","templated":true}]}}