{"id":107280,"date":"2018-06-08T10:14:05","date_gmt":"2018-06-08T13:14:05","guid":{"rendered":"http:\/\/diarioregionaljf.com.br\/?p=107280"},"modified":"2018-06-08T10:14:21","modified_gmt":"2018-06-08T13:14:21","slug":"ses-mg-reforca-a-importancia-de-criancas-e-gestantes-se-vacinarem-contra-a-gripe","status":"publish","type":"post","link":"https:\/\/diarioregionaldigital.com.br\/?p=107280","title":{"rendered":"SES-MG refor\u00e7a a import\u00e2ncia de crian\u00e7as e gestantes se vacinarem contra a gripe"},"content":{"rendered":"<p>A Campanha de Vacina\u00e7\u00e3o contra a Gripe, iniciada em 23 de abril, foi prorrogada pelo Minist\u00e9rio da Sa\u00fade para at\u00e9 o dia 15 de junho. De acordo com a coordenadora de Imuniza\u00e7\u00e3o da Secretaria de Estado de Sa\u00fade de Minas Gerais (SES-MG), Eva L\u00eddia Arcoverde, a decis\u00e3o se deve aos impactos da paralisa\u00e7\u00e3o dos caminhoneiros.<\/p>\n<p>\u201cDevido \u00e0 falta de combust\u00edvel, muitas equipes de sa\u00fade n\u00e3o puderam se deslocar para realizar a vacina\u00e7\u00e3o em pessoas acamadas e da zona rural. Al\u00e9m disso, a popula\u00e7\u00e3o tamb\u00e9m ficou impossibilitada de ir at\u00e9 as Unidades B\u00e1sicas de Sa\u00fade. Por isso, foi decidido em reuni\u00e3o realizada em Bras\u00edlia, que contou com a participa\u00e7\u00e3o de representantes da Uni\u00e3o, dos Estados e dos munic\u00edpios, a extens\u00e3o do per\u00edodo da campanha\u201d, explica Eva L\u00eddia Arcoverde.<\/p>\n<p>&nbsp;<\/p>\n<p><span style=\"font-size: 12pt;\"><strong>COBERTURA VACINAL<\/strong><\/span><\/p>\n<p>A meta \u00e9 vacinar 90% do p\u00fablico que faz parte do grupo priorit\u00e1rio, o que representa cerca cinco milh\u00f5es de pessoas. Conforme dados do Sistema de Informa\u00e7\u00f5es do Programa Nacional de Imuniza\u00e7\u00e3o (SIPNI), at\u00e9 o momento, a cobertura vacinal em Minas Gerais est\u00e1 em 80,5%. A coordenadora de imuniza\u00e7\u00e3o, no entanto, destaca que ainda n\u00e3o se pode considerar esse n\u00famero como sendo positivo.<\/p>\n<p>\u201cConsiderando-se que a campanha deveria ter se encerrado no dia 1\u00b0 de junho e ainda n\u00e3o alcan\u00e7amos a meta, \u00e9 preciso refor\u00e7ar o chamado para que as pessoas integrantes do p\u00fablico priorit\u00e1rio e que ainda n\u00e3o tenham se vacinado, compare\u00e7am \u00e0 Unidade B\u00e1sica de Sa\u00fade mais pr\u00f3xima para que possam se imunizar contra a gripe\u201d, destaca Eva L\u00eddia Arcoverde.<\/p>\n<p>Dentre os p\u00fablicos priorit\u00e1rios, crian\u00e7as e gestantes s\u00e3o os grupos que apresentam, at\u00e9 o momento, coberturas mais baixas. \u201cA cobertura para as crian\u00e7as ainda \u00e9 de 64% e, para as gestantes, de 66%. E \u00e9 importante lembrar que n\u00f3s estamos justamente no per\u00edodo em que h\u00e1 uma grande circula\u00e7\u00e3o do v\u00edrus da gripe e, inclusive, observamos um aumento no n\u00famero de casos e de \u00f3bitos. Por isso, \u00e9 fundamental que essas pessoas sejam imunizadas e se protejam da doen\u00e7a\u201d, explica Eva L\u00eddia Arcoverde.<\/p>\n<p>&nbsp;<\/p>\n<p><span style=\"font-size: 12pt;\"><strong>P\u00daBLICO PRIORIT\u00c1RIO<\/strong><\/span><\/p>\n<p>Devem se vacinar contra a gripe pessoas a partir de 60 anos, crian\u00e7as de seis meses a menores de cinco anos (quatro anos, 11 meses e 29 dias), trabalhadores de sa\u00fade, povos ind\u00edgenas aldeados, gestantes, pu\u00e9rperas (at\u00e9 45 dias ap\u00f3s o parto), professores da rede p\u00fablica e privada de ensino, pessoas privadas de liberdade &#8211; o que inclui adolescentes e jovens de 12 a 21 anos em medidas socioeducativas &#8211; e os funcion\u00e1rios do sistema prisional. As pessoas portadoras de doen\u00e7as cr\u00f4nicas n\u00e3o transmiss\u00edveis, que inclui pessoas com defici\u00eancias espec\u00edficas, tamb\u00e9m devem se vacinar.<\/p>\n<p>&nbsp;<\/p>\n<p><span style=\"font-size: 12pt;\"><strong>GRIPE EM MINAS GERAIS<\/strong><\/span><\/p>\n<p>S\u00e3o tr\u00eas os principais v\u00edrus da gripe em circula\u00e7\u00e3o no pa\u00eds: o influenza A\/H1N1, o influenza A\/H3N2 e uma variante do influenza B. At\u00e9 o momento, Minas Gerais registrou 81 casos de influenza e 11 \u00f3bitos. \u00c9 importante refor\u00e7ar que a vacina disponibilizada Sistema \u00danico de Sa\u00fade (SUS) \u00e9 trivalente e protege contra esses tr\u00eas principais v\u00edrus da Influenza.<\/p>\n<p>&nbsp;<\/p>\n<p>Fonte: Assessoria\/SES-MG<\/p>\n","protected":false},"excerpt":{"rendered":"<p>A Campanha de Vacina\u00e7\u00e3o contra a Gripe, iniciada em 23 de abril, foi prorrogada pelo Minist\u00e9rio da Sa\u00fade para at\u00e9 o dia 15 de junho. De acordo com a coordenadora de Imuniza\u00e7\u00e3o da Secretaria de Estado de Sa\u00fade de Minas Gerais (SES-MG), Eva L\u00eddia Arcoverde, a decis\u00e3o se deve aos impactos da paralisa\u00e7\u00e3o dos caminhoneiros. [&hellip;]<\/p>\n","protected":false},"author":96,"featured_media":107283,"comment_status":"closed","ping_status":"closed","sticky":false,"template":"","format":"standard","meta":{"footnotes":""},"categories":[436,252],"tags":[],"class_list":["post-107280","post","type-post","status-publish","format-standard","has-post-thumbnail","hentry","category-destaque-da-semana","category-regiao"],"_links":{"self":[{"href":"https:\/\/diarioregionaldigital.com.br\/index.php?rest_route=\/wp\/v2\/posts\/107280","targetHints":{"allow":["GET"]}}],"collection":[{"href":"https:\/\/diarioregionaldigital.com.br\/index.php?rest_route=\/wp\/v2\/posts"}],"about":[{"href":"https:\/\/diarioregionaldigital.com.br\/index.php?rest_route=\/wp\/v2\/types\/post"}],"author":[{"embeddable":true,"href":"https:\/\/diarioregionaldigital.com.br\/index.php?rest_route=\/wp\/v2\/users\/96"}],"replies":[{"embeddable":true,"href":"https:\/\/diarioregionaldigital.com.br\/index.php?rest_route=%2Fwp%2Fv2%2Fcomments&post=107280"}],"version-history":[{"count":0,"href":"https:\/\/diarioregionaldigital.com.br\/index.php?rest_route=\/wp\/v2\/posts\/107280\/revisions"}],"wp:featuredmedia":[{"embeddable":true,"href":"https:\/\/diarioregionaldigital.com.br\/index.php?rest_route=\/wp\/v2\/media\/107283"}],"wp:attachment":[{"href":"https:\/\/diarioregionaldigital.com.br\/index.php?rest_route=%2Fwp%2Fv2%2Fmedia&parent=107280"}],"wp:term":[{"taxonomy":"category","embeddable":true,"href":"https:\/\/diarioregionaldigital.com.br\/index.php?rest_route=%2Fwp%2Fv2%2Fcategories&post=107280"},{"taxonomy":"post_tag","embeddable":true,"href":"https:\/\/diarioregionaldigital.com.br\/index.php?rest_route=%2Fwp%2Fv2%2Ftags&post=107280"}],"curies":[{"name":"wp","href":"https:\/\/api.w.org\/{rel}","templated":true}]}}