{"id":107278,"date":"2018-06-08T09:58:15","date_gmt":"2018-06-08T12:58:15","guid":{"rendered":"http:\/\/diarioregionaljf.com.br\/?p=107278"},"modified":"2018-06-08T09:58:34","modified_gmt":"2018-06-08T12:58:34","slug":"dois-sao-presos-por-trafico-de-drogas-no-santos-dumont","status":"publish","type":"post","link":"https:\/\/diarioregionaldigital.com.br\/?p=107278","title":{"rendered":"Dois s\u00e3o presos por tr\u00e1fico de drogas no Santos Dumont"},"content":{"rendered":"<p>Um homem de 31 anos e um rapaz de 23 foram presos por tr\u00e1fico de drogas no bairro Santos Dumont, Cidade Alta, na tarde dessa quinta-feira, 7. Um terceiro envolvido, de 27 anos, conseguiu fugir.<\/p>\n<p>De acordo com registro da ocorr\u00eancia na Pol\u00edcia Militar (PM), uma equipe fazia patrulhamento pelo bairro quando se deparou com os tr\u00eas autores no interior de um ve\u00edculo, estacionado em via p\u00fablica. Ao perceber a aproxima\u00e7\u00e3o da viatura, o jovem de 27 anos, que conduzia o carro, come\u00e7ou a se deslocar.<\/p>\n<p>Sabendo que o referido autor tem envolvimento com o tr\u00e1fico de drogas, os militares desceram da viatura e tentaram abord\u00e1-lo, momento no qual o mesmo teria direcionado o ve\u00edculo, bruscamente, em dire\u00e7\u00e3o aos policiais. Na tentativa de acert\u00e1-los, o rapaz acabou atingindo um caminh\u00e3o do departamento de limpeza urbana, que ficou danificado.<\/p>\n<p>Ainda segundo a PM, durante a a\u00e7\u00e3o verificou-se que o motorista estava com uma arma entre as pernas, alternando movimentos entre empunhar a mesma e fazer as manobras com o ve\u00edculo. Diante da possibilidade de serem atacados, os policiais teriam efetuado disparos de arma de fogo contra os suspeitos.<\/p>\n<p>O trio empreendeu fuga, mas foi perseguido pelos militares. O condutor abandonou o ve\u00edculo e conseguiu fugir, de posse da referida arma. J\u00e1 os outros autores foram abordados na resid\u00eancia do rapaz de 23 anos.<\/p>\n<p>No interior do im\u00f3vel foram localizados uma pistola .9mm, carregadores e muni\u00e7\u00f5es de armas de fogo, dois potes contendo sementes e cigarros de maconha, dois inv\u00f3lucros e uma pedra bruta com\/de crack, tr\u00eas sacolas com coca\u00edna, al\u00e9m de uma barra de pasta base da mesma droga; um vidro de lan\u00e7a perfume, uma balan\u00e7a de precis\u00e3o e um gabinete de computador.<\/p>\n<p>Os dois autores foram presos e conduzidos \u00e0 delegacia, junto com os materiais apreendidos.<\/p>\n","protected":false},"excerpt":{"rendered":"<p>Um homem de 31 anos e um rapaz de 23 foram presos por tr\u00e1fico de drogas no bairro Santos Dumont, Cidade Alta, na tarde dessa quinta-feira, 7. Um terceiro envolvido, de 27 anos, conseguiu fugir. De acordo com registro da ocorr\u00eancia na Pol\u00edcia Militar (PM), uma equipe fazia patrulhamento pelo bairro quando se deparou com [&hellip;]<\/p>\n","protected":false},"author":96,"featured_media":95836,"comment_status":"closed","ping_status":"closed","sticky":false,"template":"","format":"standard","meta":{"footnotes":""},"categories":[301,439],"tags":[],"class_list":["post-107278","post","type-post","status-publish","format-standard","has-post-thumbnail","hentry","category-artigos-policiais","category-ultima-hora"],"_links":{"self":[{"href":"https:\/\/diarioregionaldigital.com.br\/index.php?rest_route=\/wp\/v2\/posts\/107278","targetHints":{"allow":["GET"]}}],"collection":[{"href":"https:\/\/diarioregionaldigital.com.br\/index.php?rest_route=\/wp\/v2\/posts"}],"about":[{"href":"https:\/\/diarioregionaldigital.com.br\/index.php?rest_route=\/wp\/v2\/types\/post"}],"author":[{"embeddable":true,"href":"https:\/\/diarioregionaldigital.com.br\/index.php?rest_route=\/wp\/v2\/users\/96"}],"replies":[{"embeddable":true,"href":"https:\/\/diarioregionaldigital.com.br\/index.php?rest_route=%2Fwp%2Fv2%2Fcomments&post=107278"}],"version-history":[{"count":0,"href":"https:\/\/diarioregionaldigital.com.br\/index.php?rest_route=\/wp\/v2\/posts\/107278\/revisions"}],"wp:featuredmedia":[{"embeddable":true,"href":"https:\/\/diarioregionaldigital.com.br\/index.php?rest_route=\/wp\/v2\/media\/95836"}],"wp:attachment":[{"href":"https:\/\/diarioregionaldigital.com.br\/index.php?rest_route=%2Fwp%2Fv2%2Fmedia&parent=107278"}],"wp:term":[{"taxonomy":"category","embeddable":true,"href":"https:\/\/diarioregionaldigital.com.br\/index.php?rest_route=%2Fwp%2Fv2%2Fcategories&post=107278"},{"taxonomy":"post_tag","embeddable":true,"href":"https:\/\/diarioregionaldigital.com.br\/index.php?rest_route=%2Fwp%2Fv2%2Ftags&post=107278"}],"curies":[{"name":"wp","href":"https:\/\/api.w.org\/{rel}","templated":true}]}}