{"id":107276,"date":"2018-06-08T08:34:24","date_gmt":"2018-06-08T11:34:24","guid":{"rendered":"http:\/\/diarioregionaljf.com.br\/?p=107276"},"modified":"2018-06-08T08:34:48","modified_gmt":"2018-06-08T11:34:48","slug":"recepcionista-e-cliente-sao-trancados-em-quarto-durante-assalto-a-hotel-no-centro","status":"publish","type":"post","link":"https:\/\/diarioregionaldigital.com.br\/?p=107276","title":{"rendered":"Recepcionista e cliente s\u00e3o trancados em quarto durante assalto a hotel no Centro"},"content":{"rendered":"<p>A recepcionista e um cliente de um hotel localizado na Rua Halfeld, regi\u00e3o central da cidade, foram rendidos por dois assaltantes e trancados em um dos quartos do estabelecimento, no in\u00edcio da madrugada dessa quinta-feira, 7.<\/p>\n<p>A funcion\u00e1ria do hotel relatou \u00e0 Pol\u00edcia Militar (PM) que os dois indiv\u00edduos, um deles armado com uma barra de ferro, chegaram no local por volta das 2h e mandaram que as v\u00edtimas entrassem em um dos quartos, trancando-as no c\u00f4modo.<\/p>\n<p>A dupla fugiu levando a quantia de R$505 do caixa do estabelecimento. Toda a a\u00e7\u00e3o foi registrada pelo sistema de monitoramento do hotel. Dois suspeitos de cometer o crime, um homem de 35 anos e um rapaz de 24, foram identificados por meio de fotografias, mas n\u00e3o foram localizados.<\/p>\n<p>O cliente que foi trancafiado no quarto junto com a recepcionista n\u00e3o aguardou a chegada da equipe policial.<\/p>\n","protected":false},"excerpt":{"rendered":"<p>A recepcionista e um cliente de um hotel localizado na Rua Halfeld, regi\u00e3o central da cidade, foram rendidos por dois assaltantes e trancados em um dos quartos do estabelecimento, no in\u00edcio da madrugada dessa quinta-feira, 7. A funcion\u00e1ria do hotel relatou \u00e0 Pol\u00edcia Militar (PM) que os dois indiv\u00edduos, um deles armado com uma barra [&hellip;]<\/p>\n","protected":false},"author":96,"featured_media":95836,"comment_status":"closed","ping_status":"closed","sticky":false,"template":"","format":"standard","meta":{"footnotes":""},"categories":[301,439],"tags":[],"class_list":["post-107276","post","type-post","status-publish","format-standard","has-post-thumbnail","hentry","category-artigos-policiais","category-ultima-hora"],"_links":{"self":[{"href":"https:\/\/diarioregionaldigital.com.br\/index.php?rest_route=\/wp\/v2\/posts\/107276","targetHints":{"allow":["GET"]}}],"collection":[{"href":"https:\/\/diarioregionaldigital.com.br\/index.php?rest_route=\/wp\/v2\/posts"}],"about":[{"href":"https:\/\/diarioregionaldigital.com.br\/index.php?rest_route=\/wp\/v2\/types\/post"}],"author":[{"embeddable":true,"href":"https:\/\/diarioregionaldigital.com.br\/index.php?rest_route=\/wp\/v2\/users\/96"}],"replies":[{"embeddable":true,"href":"https:\/\/diarioregionaldigital.com.br\/index.php?rest_route=%2Fwp%2Fv2%2Fcomments&post=107276"}],"version-history":[{"count":0,"href":"https:\/\/diarioregionaldigital.com.br\/index.php?rest_route=\/wp\/v2\/posts\/107276\/revisions"}],"wp:featuredmedia":[{"embeddable":true,"href":"https:\/\/diarioregionaldigital.com.br\/index.php?rest_route=\/wp\/v2\/media\/95836"}],"wp:attachment":[{"href":"https:\/\/diarioregionaldigital.com.br\/index.php?rest_route=%2Fwp%2Fv2%2Fmedia&parent=107276"}],"wp:term":[{"taxonomy":"category","embeddable":true,"href":"https:\/\/diarioregionaldigital.com.br\/index.php?rest_route=%2Fwp%2Fv2%2Fcategories&post=107276"},{"taxonomy":"post_tag","embeddable":true,"href":"https:\/\/diarioregionaldigital.com.br\/index.php?rest_route=%2Fwp%2Fv2%2Ftags&post=107276"}],"curies":[{"name":"wp","href":"https:\/\/api.w.org\/{rel}","templated":true}]}}