{"id":107271,"date":"2018-06-08T08:01:17","date_gmt":"2018-06-08T11:01:17","guid":{"rendered":"http:\/\/diarioregionaljf.com.br\/?p=107271"},"modified":"2018-06-08T08:01:54","modified_gmt":"2018-06-08T11:01:54","slug":"dupla-armada-com-faca-assalta-dois-no-sao-mateus","status":"publish","type":"post","link":"https:\/\/diarioregionaldigital.com.br\/?p=107271","title":{"rendered":"Dupla armada com faca assalta dois no S\u00e3o Mateus"},"content":{"rendered":"<p>Uma jovem de 24 anos e um rapaz de 20 foram assaltados por dois indiv\u00edduos, um deles armado com uma faca, no bairro S\u00e3o Mateus, regi\u00e3o, central, na madrugada desta sexta-feira, 8.<\/p>\n<p>Conforme informa\u00e7\u00f5es da Pol\u00edcia Militar (PM), as v\u00edtimas transitavam pela rua principal do bairro quando foram abordadas pelos assaltantes. Os autores roubaram o telefone celular da jovem e a quantia de R$60 do rapaz, fugindo logo em seguida.<\/p>\n","protected":false},"excerpt":{"rendered":"<p>Uma jovem de 24 anos e um rapaz de 20 foram assaltados por dois indiv\u00edduos, um deles armado com uma faca, no bairro S\u00e3o Mateus, regi\u00e3o, central, na madrugada desta sexta-feira, 8. Conforme informa\u00e7\u00f5es da Pol\u00edcia Militar (PM), as v\u00edtimas transitavam pela rua principal do bairro quando foram abordadas pelos assaltantes. Os autores roubaram o [&hellip;]<\/p>\n","protected":false},"author":96,"featured_media":95836,"comment_status":"closed","ping_status":"closed","sticky":false,"template":"","format":"standard","meta":{"footnotes":""},"categories":[301,439],"tags":[],"class_list":["post-107271","post","type-post","status-publish","format-standard","has-post-thumbnail","hentry","category-artigos-policiais","category-ultima-hora"],"_links":{"self":[{"href":"https:\/\/diarioregionaldigital.com.br\/index.php?rest_route=\/wp\/v2\/posts\/107271","targetHints":{"allow":["GET"]}}],"collection":[{"href":"https:\/\/diarioregionaldigital.com.br\/index.php?rest_route=\/wp\/v2\/posts"}],"about":[{"href":"https:\/\/diarioregionaldigital.com.br\/index.php?rest_route=\/wp\/v2\/types\/post"}],"author":[{"embeddable":true,"href":"https:\/\/diarioregionaldigital.com.br\/index.php?rest_route=\/wp\/v2\/users\/96"}],"replies":[{"embeddable":true,"href":"https:\/\/diarioregionaldigital.com.br\/index.php?rest_route=%2Fwp%2Fv2%2Fcomments&post=107271"}],"version-history":[{"count":0,"href":"https:\/\/diarioregionaldigital.com.br\/index.php?rest_route=\/wp\/v2\/posts\/107271\/revisions"}],"wp:featuredmedia":[{"embeddable":true,"href":"https:\/\/diarioregionaldigital.com.br\/index.php?rest_route=\/wp\/v2\/media\/95836"}],"wp:attachment":[{"href":"https:\/\/diarioregionaldigital.com.br\/index.php?rest_route=%2Fwp%2Fv2%2Fmedia&parent=107271"}],"wp:term":[{"taxonomy":"category","embeddable":true,"href":"https:\/\/diarioregionaldigital.com.br\/index.php?rest_route=%2Fwp%2Fv2%2Fcategories&post=107271"},{"taxonomy":"post_tag","embeddable":true,"href":"https:\/\/diarioregionaldigital.com.br\/index.php?rest_route=%2Fwp%2Fv2%2Ftags&post=107271"}],"curies":[{"name":"wp","href":"https:\/\/api.w.org\/{rel}","templated":true}]}}