{"id":107265,"date":"2018-06-08T00:16:35","date_gmt":"2018-06-08T03:16:35","guid":{"rendered":"http:\/\/diarioregionaljf.com.br\/?p=107265"},"modified":"2018-06-08T00:16:35","modified_gmt":"2018-06-08T03:16:35","slug":"semifinalistas-da-copa-uniao-das-vilas-serao-conhecidos-neste-domingo","status":"publish","type":"post","link":"https:\/\/diarioregionaldigital.com.br\/?p=107265","title":{"rendered":"Semifinalistas da Copa \u201cUni\u00e3o das Vilas\u201d ser\u00e3o conhecidos neste domingo"},"content":{"rendered":"<p>Neste domingo, 10, a partir das 8 horas, acontecer\u00e1 a rodada que definir\u00e1 os times classificados para as semifinais da Copa \u201cUni\u00e3o das Vilas\u201d de Fut 7. O torneio \u00e9 organizado pela Secretaria de Esporte e Lazer (SEL), em parceria com a Secretaria de Desenvolvimento Social (SDS), ambas da Prefeitura de Juiz de Fora (PJF), e tem sido a atra\u00e7\u00e3o dos finais de semana do \u201cN\u00facleo Travessia\u201d, na Vila Olavo Costa. Quem atesta o sucesso \u00e9 Valter Vanderlei, 51 anos, presidente da associa\u00e7\u00e3o de moradores do bairro: \u201cO envolvimento tem sido cem por cento. A competi\u00e7\u00e3o tem feito a alegria da rapaziada. Os jogos t\u00eam atra\u00eddo muita gente e o pessoal tem dado at\u00e9 sugest\u00f5es para pr\u00f3ximos eventos. Tenho certeza que acertamos na iniciativa.\u201d<\/p>\n<p><strong>Os jogos\u00a0<\/strong><\/p>\n<p>Pela Chave A, Horto e Meninos da Vila, l\u00edder e vice, respectivamente, far\u00e3o o primeiro jogo do dia, \u00e0s 8 horas. Na sequ\u00eancia, Largados e Mirante completar\u00e3o a rodada, buscando a classifica\u00e7\u00e3o. Pela Chave B, o RDF buscar\u00e1 a lideran\u00e7a, diante do j\u00e1 eliminado Arsenal. Fechando a manh\u00e3 esportiva, Distribuidora Dami\u00e3o e Colina competir\u00e3o pela outra vaga do grupo. Nas semifinais, o vencedor da chave A jogar\u00e1 contra o segundo colocado da B. E o primeiro da B pegar\u00e1 o segundo da A.<\/p>\n<p>As equipes s\u00e3o formadas por moradores das vilas Olavo Costa, Ideal e Furtado de Menezes. A SEL coordena as regras disciplinares e o regulamento da disputa, e a SDS, atrav\u00e9s do \u201cN\u00facleo Travessia\u201d, garante a infraestrutura, por meio da cess\u00e3o de espa\u00e7os. A arbitragem \u00e9 da Liga Regional de Fut 7.<\/p>\n<p><strong>Fonte: PJF<\/strong><\/p>\n<p><strong>\u00a0<\/strong><\/p>\n","protected":false},"excerpt":{"rendered":"<p>Neste domingo, 10, a partir das 8 horas, acontecer\u00e1 a rodada que definir\u00e1 os times classificados para as semifinais da Copa \u201cUni\u00e3o das Vilas\u201d de Fut 7. O torneio \u00e9 organizado pela Secretaria de Esporte e Lazer (SEL), em parceria com a Secretaria de Desenvolvimento Social (SDS), ambas da Prefeitura de Juiz de Fora (PJF), [&hellip;]<\/p>\n","protected":false},"author":96,"featured_media":107266,"comment_status":"closed","ping_status":"closed","sticky":false,"template":"","format":"standard","meta":{"footnotes":""},"categories":[257,439],"tags":[],"class_list":["post-107265","post","type-post","status-publish","format-standard","has-post-thumbnail","hentry","category-esporte","category-ultima-hora"],"_links":{"self":[{"href":"https:\/\/diarioregionaldigital.com.br\/index.php?rest_route=\/wp\/v2\/posts\/107265","targetHints":{"allow":["GET"]}}],"collection":[{"href":"https:\/\/diarioregionaldigital.com.br\/index.php?rest_route=\/wp\/v2\/posts"}],"about":[{"href":"https:\/\/diarioregionaldigital.com.br\/index.php?rest_route=\/wp\/v2\/types\/post"}],"author":[{"embeddable":true,"href":"https:\/\/diarioregionaldigital.com.br\/index.php?rest_route=\/wp\/v2\/users\/96"}],"replies":[{"embeddable":true,"href":"https:\/\/diarioregionaldigital.com.br\/index.php?rest_route=%2Fwp%2Fv2%2Fcomments&post=107265"}],"version-history":[{"count":0,"href":"https:\/\/diarioregionaldigital.com.br\/index.php?rest_route=\/wp\/v2\/posts\/107265\/revisions"}],"wp:featuredmedia":[{"embeddable":true,"href":"https:\/\/diarioregionaldigital.com.br\/index.php?rest_route=\/wp\/v2\/media\/107266"}],"wp:attachment":[{"href":"https:\/\/diarioregionaldigital.com.br\/index.php?rest_route=%2Fwp%2Fv2%2Fmedia&parent=107265"}],"wp:term":[{"taxonomy":"category","embeddable":true,"href":"https:\/\/diarioregionaldigital.com.br\/index.php?rest_route=%2Fwp%2Fv2%2Fcategories&post=107265"},{"taxonomy":"post_tag","embeddable":true,"href":"https:\/\/diarioregionaldigital.com.br\/index.php?rest_route=%2Fwp%2Fv2%2Ftags&post=107265"}],"curies":[{"name":"wp","href":"https:\/\/api.w.org\/{rel}","templated":true}]}}