{"id":107262,"date":"2018-06-08T00:11:39","date_gmt":"2018-06-08T03:11:39","guid":{"rendered":"http:\/\/diarioregionaljf.com.br\/?p=107262"},"modified":"2018-06-08T00:11:39","modified_gmt":"2018-06-08T03:11:39","slug":"ceu-zona-norte-promove-evento-esportivo-no-clima-da-copa-do-mundo","status":"publish","type":"post","link":"https:\/\/diarioregionaldigital.com.br\/?p=107262","title":{"rendered":"CEU\/Zona Norte promove evento esportivo no clima da Copa do Mundo"},"content":{"rendered":"<p>Aproveitando a tem\u00e1tica da Copa do Mundo da Federa\u00e7\u00e3o Internacional de Futebol (Fifa), que come\u00e7a no pr\u00f3ximo dia 14, o Centro de Artes e Esportes Unificados \u201cCoronel Adelmir Romualdo de Oliveira\u201d (CEU\/Zona Norte &#8211; Avenida Juscelino Kubitschek, 5.899, Bairro Benfica) promover\u00e1 um dia esportivo, inspirado na competi\u00e7\u00e3o mundial, atrav\u00e9s de amistoso de futsal com alunos das oficinas oferecidas pelo local e partidas de futebol com jogadores da comunidade. Para a ocasi\u00e3o, o equipamento urbano ser\u00e1 decorado com bandeirinhas e outros itens do Brasil.<\/p>\n<p>Conforme a programa\u00e7\u00e3o da \u201cCopa do Mundo do CEU\u201d, no s\u00e1bado, 9, \u00e0s 8 horas, alunos das oficinas que acontecem regularmente no espa\u00e7o entrar\u00e3o em quadra para o amistoso de futsal. Logo em seguida, a partir do meio-dia, 13 times da regi\u00e3o jogar\u00e3o a final da \u201cCopa Zona Norte de Futsal\u201d, evento criado pelo Centro, com objetivo de unir os moradores de bairros pr\u00f3ximos \u00e0 pra\u00e7a e fazer com que conhe\u00e7am e usem as depend\u00eancias do local.<\/p>\n<p>No fim da tarde, \u00e0s 17 horas, acontecer\u00e1 a solenidade de premia\u00e7\u00e3o da Copa, com hasteamento da bandeira do Brasil e canto do Hino Nacional. Al\u00e9m disso, ser\u00e3o exibidos v\u00eddeos com os melhores momentos da Copa da Zona Norte e lances memor\u00e1veis de jogos da Copa do Mundo. Segundo o coordenador geral da Pra\u00e7a CEU, Andr\u00e9 Noronha, a iniciativa une talentos do futsal da regi\u00e3o norte da cidade, e promove a integra\u00e7\u00e3o entre a popula\u00e7\u00e3o e o equipamento: \u201cNosso objetivo \u00e9 despertar o sentimento de pertencimento dos moradores pela pra\u00e7a, utilizando o esporte para oportunizar trocas, momentos de integra\u00e7\u00e3o e parceria\u201d.<\/p>\n<p><strong>Fonte: Assessoria\/PJF<\/strong><\/p>\n","protected":false},"excerpt":{"rendered":"<p>Aproveitando a tem\u00e1tica da Copa do Mundo da Federa\u00e7\u00e3o Internacional de Futebol (Fifa), que come\u00e7a no pr\u00f3ximo dia 14, o Centro de Artes e Esportes Unificados \u201cCoronel Adelmir Romualdo de Oliveira\u201d (CEU\/Zona Norte &#8211; Avenida Juscelino Kubitschek, 5.899, Bairro Benfica) promover\u00e1 um dia esportivo, inspirado na competi\u00e7\u00e3o mundial, atrav\u00e9s de amistoso de futsal com alunos [&hellip;]<\/p>\n","protected":false},"author":96,"featured_media":107263,"comment_status":"closed","ping_status":"closed","sticky":false,"template":"","format":"standard","meta":{"footnotes":""},"categories":[257,439],"tags":[],"class_list":["post-107262","post","type-post","status-publish","format-standard","has-post-thumbnail","hentry","category-esporte","category-ultima-hora"],"_links":{"self":[{"href":"https:\/\/diarioregionaldigital.com.br\/index.php?rest_route=\/wp\/v2\/posts\/107262","targetHints":{"allow":["GET"]}}],"collection":[{"href":"https:\/\/diarioregionaldigital.com.br\/index.php?rest_route=\/wp\/v2\/posts"}],"about":[{"href":"https:\/\/diarioregionaldigital.com.br\/index.php?rest_route=\/wp\/v2\/types\/post"}],"author":[{"embeddable":true,"href":"https:\/\/diarioregionaldigital.com.br\/index.php?rest_route=\/wp\/v2\/users\/96"}],"replies":[{"embeddable":true,"href":"https:\/\/diarioregionaldigital.com.br\/index.php?rest_route=%2Fwp%2Fv2%2Fcomments&post=107262"}],"version-history":[{"count":0,"href":"https:\/\/diarioregionaldigital.com.br\/index.php?rest_route=\/wp\/v2\/posts\/107262\/revisions"}],"wp:featuredmedia":[{"embeddable":true,"href":"https:\/\/diarioregionaldigital.com.br\/index.php?rest_route=\/wp\/v2\/media\/107263"}],"wp:attachment":[{"href":"https:\/\/diarioregionaldigital.com.br\/index.php?rest_route=%2Fwp%2Fv2%2Fmedia&parent=107262"}],"wp:term":[{"taxonomy":"category","embeddable":true,"href":"https:\/\/diarioregionaldigital.com.br\/index.php?rest_route=%2Fwp%2Fv2%2Fcategories&post=107262"},{"taxonomy":"post_tag","embeddable":true,"href":"https:\/\/diarioregionaldigital.com.br\/index.php?rest_route=%2Fwp%2Fv2%2Ftags&post=107262"}],"curies":[{"name":"wp","href":"https:\/\/api.w.org\/{rel}","templated":true}]}}