{"id":107249,"date":"2018-06-08T06:00:28","date_gmt":"2018-06-08T09:00:28","guid":{"rendered":"http:\/\/diarioregionaljf.com.br\/?p=107249"},"modified":"2018-08-13T20:27:11","modified_gmt":"2018-08-13T23:27:11","slug":"prefeitura-municipal-de-rio-novo-08-06-18","status":"publish","type":"post","link":"https:\/\/diarioregionaldigital.com.br\/?p=107249","title":{"rendered":"Prefeitura Municipal de Rio Novo 08\/06\/18"},"content":{"rendered":"<p style=\"text-align: center;\"><strong>PREFEITURA MUNICIPAL DE RIO NOVO<\/strong><\/p>\n<p style=\"text-align: center;\"><strong>\u00a0<\/strong><strong>AVISO DE LICITA\u00c7\u00c3O<\/strong><\/p>\n<p style=\"text-align: center;\"><strong>Licita\u00e7\u00e3o n\u00b0 064\/2018<\/strong><\/p>\n<p style=\"text-align: center;\"><strong>Tomada de Pre\u00e7on\u00b0 004\/2018<\/strong><\/p>\n<p>O Munic\u00edpio de RIO NOVO, na forma da lei, faz saber a todos quantos o presente edital virem, ou dele conhecimento tiverem, que a partir das 09:30h do dia 22 de junho de 2018, na Prefeitura Municipal na sala da comiss\u00e3o de licita\u00e7\u00e3o, localizada na rua PRA\u00c7A PREF. RONALDO DUTRA BORGES, n\u00b0 001, bairro CENTRO, munic\u00edpio de RIO NOVO, ser\u00e1 realizada licita\u00e7\u00e3o para a AQUISI\u00c7\u00c3O DE EQUIPAMENTOS PARA SA\u00daDE CONFORME PROPOSTA DE AQUISI\u00c7\u00c3O DE EQUIPAMENTO\/MATERIAL PERMANENTE\u00a0 FAF\/FNS N\u00ba 02216.796000\/1140-07, tipo Menor Pre\u00e7o por Item conforme consta no edital que se encontra\u00a0 a disposi\u00e7\u00e3o de todos\u00a0 os interessados na Prefeitura Municipal, onde poder\u00e3o obt\u00ea-lo. Para conhecimento de todos os interessados, expediu-se o presente que ser\u00e1 afixado no lugar de costume, publicando-se na forma da lei. RIO NOVO, 5 de junho de 2018<\/p>\n","protected":false},"excerpt":{"rendered":"<p>PREFEITURA MUNICIPAL DE RIO NOVO \u00a0AVISO DE LICITA\u00c7\u00c3O Licita\u00e7\u00e3o n\u00b0 064\/2018 Tomada de Pre\u00e7on\u00b0 004\/2018 O Munic\u00edpio de RIO NOVO, na forma da lei, faz saber a todos quantos o presente edital virem, ou dele conhecimento tiverem, que a partir das 09:30h do dia 22 de junho de 2018, na Prefeitura Municipal na sala da [&hellip;]<\/p>\n","protected":false},"author":96,"featured_media":0,"comment_status":"closed","ping_status":"closed","sticky":false,"template":"","format":"standard","meta":{"footnotes":""},"categories":[307],"tags":[],"class_list":["post-107249","post","type-post","status-publish","format-standard","hentry","category-editais"],"_links":{"self":[{"href":"https:\/\/diarioregionaldigital.com.br\/index.php?rest_route=\/wp\/v2\/posts\/107249","targetHints":{"allow":["GET"]}}],"collection":[{"href":"https:\/\/diarioregionaldigital.com.br\/index.php?rest_route=\/wp\/v2\/posts"}],"about":[{"href":"https:\/\/diarioregionaldigital.com.br\/index.php?rest_route=\/wp\/v2\/types\/post"}],"author":[{"embeddable":true,"href":"https:\/\/diarioregionaldigital.com.br\/index.php?rest_route=\/wp\/v2\/users\/96"}],"replies":[{"embeddable":true,"href":"https:\/\/diarioregionaldigital.com.br\/index.php?rest_route=%2Fwp%2Fv2%2Fcomments&post=107249"}],"version-history":[{"count":0,"href":"https:\/\/diarioregionaldigital.com.br\/index.php?rest_route=\/wp\/v2\/posts\/107249\/revisions"}],"wp:attachment":[{"href":"https:\/\/diarioregionaldigital.com.br\/index.php?rest_route=%2Fwp%2Fv2%2Fmedia&parent=107249"}],"wp:term":[{"taxonomy":"category","embeddable":true,"href":"https:\/\/diarioregionaldigital.com.br\/index.php?rest_route=%2Fwp%2Fv2%2Fcategories&post=107249"},{"taxonomy":"post_tag","embeddable":true,"href":"https:\/\/diarioregionaldigital.com.br\/index.php?rest_route=%2Fwp%2Fv2%2Ftags&post=107249"}],"curies":[{"name":"wp","href":"https:\/\/api.w.org\/{rel}","templated":true}]}}