{"id":107244,"date":"2018-06-08T06:00:02","date_gmt":"2018-06-08T09:00:02","guid":{"rendered":"http:\/\/diarioregionaljf.com.br\/?p=107244"},"modified":"2018-08-13T20:27:12","modified_gmt":"2018-08-13T23:27:12","slug":"prefeitura-municipal-de-descoberto-ranieri-08-06-18","status":"publish","type":"post","link":"https:\/\/diarioregionaldigital.com.br\/?p=107244","title":{"rendered":"Prefeitura Municipal de Descoberto &#8211; Ranieri 08\/06\/18"},"content":{"rendered":"<p style=\"text-align: center;\"><strong>EXTRATO PRIMEIRO TERMO ADITIVO DE CONTRATO<\/strong><\/p>\n<p>1\u00ba Termo Aditivo. Pref. Municipal de Descoberto x Ranieri Vieira Pinton- ME- Objeto: Constitui objeto do presente termo aditivo a modifica\u00e7\u00e3o do prazo de vig\u00eancia do contrato, que passar\u00e1 a vigorar de 02\/04\/18 \u00e0 03\/04\/19 com os mesmos valores do contrato original &#8211; Fundamento: Preg\u00e3o n\u00ba 002\/2017 \u2013 Valor Global: 345.100,00 &#8211; Vig\u00eancia: 02\/04\/18 a 03\/04\/19 \u2013 Dot or\u00e7: 02.1000.04.122.0002.202-339030\/100 \u2013 02.06000.15.122.0002.202-339030\/100 \u2013 02.02000.04.181.0002.223-339030\/100 \u2013 02.07001.08.243.0002.225-339030\/129 \u2013 02.04002.12.361.0003.256-339039\/101\/ &#8211; 02.05002.10.301.0004.285-339039\/102\u00a0 &#8211; Ass: 02\/04\/18- Foro: S\u00e3o Jo\u00e3o Nepomuceno\/MG.<\/p>\n<p style=\"text-align: center;\"><strong>Marcos de Ara\u00fajo Lima<\/strong><\/p>\n<p style=\"text-align: center;\"><strong>Prefeito Municipal<\/strong><\/p>\n","protected":false},"excerpt":{"rendered":"<p>EXTRATO PRIMEIRO TERMO ADITIVO DE CONTRATO 1\u00ba Termo Aditivo. Pref. Municipal de Descoberto x Ranieri Vieira Pinton- ME- Objeto: Constitui objeto do presente termo aditivo a modifica\u00e7\u00e3o do prazo de vig\u00eancia do contrato, que passar\u00e1 a vigorar de 02\/04\/18 \u00e0 03\/04\/19 com os mesmos valores do contrato original &#8211; Fundamento: Preg\u00e3o n\u00ba 002\/2017 \u2013 Valor [&hellip;]<\/p>\n","protected":false},"author":96,"featured_media":0,"comment_status":"closed","ping_status":"closed","sticky":false,"template":"","format":"standard","meta":{"footnotes":""},"categories":[307],"tags":[],"class_list":["post-107244","post","type-post","status-publish","format-standard","hentry","category-editais"],"_links":{"self":[{"href":"https:\/\/diarioregionaldigital.com.br\/index.php?rest_route=\/wp\/v2\/posts\/107244","targetHints":{"allow":["GET"]}}],"collection":[{"href":"https:\/\/diarioregionaldigital.com.br\/index.php?rest_route=\/wp\/v2\/posts"}],"about":[{"href":"https:\/\/diarioregionaldigital.com.br\/index.php?rest_route=\/wp\/v2\/types\/post"}],"author":[{"embeddable":true,"href":"https:\/\/diarioregionaldigital.com.br\/index.php?rest_route=\/wp\/v2\/users\/96"}],"replies":[{"embeddable":true,"href":"https:\/\/diarioregionaldigital.com.br\/index.php?rest_route=%2Fwp%2Fv2%2Fcomments&post=107244"}],"version-history":[{"count":0,"href":"https:\/\/diarioregionaldigital.com.br\/index.php?rest_route=\/wp\/v2\/posts\/107244\/revisions"}],"wp:attachment":[{"href":"https:\/\/diarioregionaldigital.com.br\/index.php?rest_route=%2Fwp%2Fv2%2Fmedia&parent=107244"}],"wp:term":[{"taxonomy":"category","embeddable":true,"href":"https:\/\/diarioregionaldigital.com.br\/index.php?rest_route=%2Fwp%2Fv2%2Fcategories&post=107244"},{"taxonomy":"post_tag","embeddable":true,"href":"https:\/\/diarioregionaldigital.com.br\/index.php?rest_route=%2Fwp%2Fv2%2Ftags&post=107244"}],"curies":[{"name":"wp","href":"https:\/\/api.w.org\/{rel}","templated":true}]}}