{"id":107236,"date":"2018-06-08T06:00:06","date_gmt":"2018-06-08T09:00:06","guid":{"rendered":"http:\/\/diarioregionaljf.com.br\/?p=107236"},"modified":"2018-06-07T21:10:30","modified_gmt":"2018-06-08T00:10:30","slug":"miss-e-mister-juiz-de-fora-2018","status":"publish","type":"post","link":"https:\/\/diarioregionaldigital.com.br\/?p=107236","title":{"rendered":"Miss e Mister Juiz de Fora 2018"},"content":{"rendered":"<p style=\"text-align: center;\"><strong>Feijoada<\/strong><\/p>\n<p style=\"text-align: center;\">Mobiliza\u00e7\u00e3o total este s\u00e1bado, 9, no Capit\u00f3lio, para a Feijoada da Torcida promovida pelo colunista C\u00e9sar Romero. A grande festa que re\u00fane velhos e novos amigos ter\u00e1 festival de pr\u00eamios e shows de Renan &amp; Cristiano, Sandra Portella, Edmar Augusto e DJ Vov\u00f4 e cobertura deste colunista.<\/p>\n<p style=\"text-align: center;\"><strong>Dia dos Namorados<\/strong><\/p>\n<p style=\"text-align: center;\">Em contagem regressiva para o Dia dos Namorados em 12 de junho, o amor pr\u00f3prio est\u00e1 no ar. Lojas fashion de Juiz de Fora comandam a linha bom gosto. Na loja M. Marques roupas para ele e para ela. Na Veneno o luxo da linha para elas. Na By Candy acess\u00f3rios convincentes para declara\u00e7\u00e3o de amor. No O Botic\u00e1rio perfumes e maquiagens e na Modas Jenny o chique tradicional.<\/p>\n<p style=\"text-align: center;\"><span style=\"font-size: 14pt;\"><strong>Miss e Mister Juiz de Fora 2018<\/strong><\/span><\/p>\n<p style=\"text-align: center;\">Tendo um Teatro Solar lotado, foi realizado o deslumbrante evento Miss e Mister Juiz de Fora CBN &#8211; 2018. A perfeita coordena\u00e7\u00e3o de Diley Almeida, o alto astral do apresentador Alexandre Braga, o cerimonial de Igor Rezende, a apresenta\u00e7\u00e3o bomb\u00e1stica de Abner Coutinho e Grupo de Dan\u00e7a fizeram contraponto para as m\u00fasicas da DJ Fl\u00e1via Pessoa e os belos participantes. As fotos de Thiago Cadoshi enfeitam hoje est\u00e1 p\u00e1gina.<\/p>\n<div id=\"attachment_107212\" style=\"width: 690px\" class=\"wp-caption aligncenter\"><img loading=\"lazy\" decoding=\"async\" aria-describedby=\"caption-attachment-107212\" class=\"wp-image-107212\" src=\"http:\/\/diarioregionaljf.com.br\/wp-content\/uploads\/2018\/06\/fotoa-3.jpg\" alt=\"\" width=\"680\" height=\"420\" srcset=\"https:\/\/diarioregionaldigital.com.br\/wp-content\/uploads\/2018\/06\/fotoa-3.jpg 1000w, https:\/\/diarioregionaldigital.com.br\/wp-content\/uploads\/2018\/06\/fotoa-3-300x185.jpg 300w, https:\/\/diarioregionaldigital.com.br\/wp-content\/uploads\/2018\/06\/fotoa-3-768x475.jpg 768w, https:\/\/diarioregionaldigital.com.br\/wp-content\/uploads\/2018\/06\/fotoa-3-360x222.jpg 360w\" sizes=\"auto, (max-width: 680px) 100vw, 680px\" \/><p id=\"caption-attachment-107212\" class=\"wp-caption-text\">Diley Almeida e sua corte real com Rodrigo Brigatto, J\u00falia Horta, Lorena Rodrigues, Isabela Stumpf, Maria Eduarda e Gabriel Vital<\/p><\/div>\n<div id=\"attachment_107220\" style=\"width: 690px\" class=\"wp-caption aligncenter\"><img loading=\"lazy\" decoding=\"async\" aria-describedby=\"caption-attachment-107220\" class=\"wp-image-107220\" src=\"http:\/\/diarioregionaljf.com.br\/wp-content\/uploads\/2018\/06\/fotod-4.jpg\" alt=\"\" width=\"680\" height=\"453\" srcset=\"https:\/\/diarioregionaldigital.com.br\/wp-content\/uploads\/2018\/06\/fotod-4.jpg 960w, https:\/\/diarioregionaldigital.com.br\/wp-content\/uploads\/2018\/06\/fotod-4-300x200.jpg 300w, https:\/\/diarioregionaldigital.com.br\/wp-content\/uploads\/2018\/06\/fotod-4-768x512.jpg 768w, https:\/\/diarioregionaldigital.com.br\/wp-content\/uploads\/2018\/06\/fotod-4-360x240.jpg 360w\" sizes=\"auto, (max-width: 680px) 100vw, 680px\" \/><p id=\"caption-attachment-107220\" class=\"wp-caption-text\">No Top 10, o modelo e cantor Wesley Ferry, o mais elegante vestindo Oficina do Terno<\/p><\/div>\n<div id=\"attachment_107218\" style=\"width: 690px\" class=\"wp-caption aligncenter\"><img loading=\"lazy\" decoding=\"async\" aria-describedby=\"caption-attachment-107218\" class=\"wp-image-107218\" src=\"http:\/\/diarioregionaljf.com.br\/wp-content\/uploads\/2018\/06\/fotog-1.jpg\" alt=\"\" width=\"680\" height=\"453\" srcset=\"https:\/\/diarioregionaldigital.com.br\/wp-content\/uploads\/2018\/06\/fotog-1.jpg 960w, https:\/\/diarioregionaldigital.com.br\/wp-content\/uploads\/2018\/06\/fotog-1-300x200.jpg 300w, https:\/\/diarioregionaldigital.com.br\/wp-content\/uploads\/2018\/06\/fotog-1-768x512.jpg 768w, https:\/\/diarioregionaldigital.com.br\/wp-content\/uploads\/2018\/06\/fotog-1-360x240.jpg 360w\" sizes=\"auto, (max-width: 680px) 100vw, 680px\" \/><p id=\"caption-attachment-107218\" class=\"wp-caption-text\">O eletrizante show de Abner Coutinho e Grupo de Dan\u00e7a<\/p><\/div>\n<div id=\"attachment_107219\" style=\"width: 690px\" class=\"wp-caption aligncenter\"><img loading=\"lazy\" decoding=\"async\" aria-describedby=\"caption-attachment-107219\" class=\"wp-image-107219\" src=\"http:\/\/diarioregionaljf.com.br\/wp-content\/uploads\/2018\/06\/fotoc-4-e1528414640748.jpg\" alt=\"\" width=\"680\" height=\"587\" srcset=\"https:\/\/diarioregionaldigital.com.br\/wp-content\/uploads\/2018\/06\/fotoc-4-e1528414640748.jpg 636w, https:\/\/diarioregionaldigital.com.br\/wp-content\/uploads\/2018\/06\/fotoc-4-e1528414640748-300x259.jpg 300w, https:\/\/diarioregionaldigital.com.br\/wp-content\/uploads\/2018\/06\/fotoc-4-e1528414640748-360x311.jpg 360w\" sizes=\"auto, (max-width: 680px) 100vw, 680px\" \/><p id=\"caption-attachment-107219\" class=\"wp-caption-text\">A preferida do p\u00fablico Yasmin Marinho (2\u00ba lugar)<\/p><\/div>\n<div id=\"attachment_107217\" style=\"width: 690px\" class=\"wp-caption aligncenter\"><img loading=\"lazy\" decoding=\"async\" aria-describedby=\"caption-attachment-107217\" class=\"wp-image-107217\" src=\"http:\/\/diarioregionaljf.com.br\/wp-content\/uploads\/2018\/06\/fotof-2-e1528414681680.jpg\" alt=\"\" width=\"680\" height=\"562\" srcset=\"https:\/\/diarioregionaldigital.com.br\/wp-content\/uploads\/2018\/06\/fotof-2-e1528414681680.jpg 665w, https:\/\/diarioregionaldigital.com.br\/wp-content\/uploads\/2018\/06\/fotof-2-e1528414681680-300x248.jpg 300w, https:\/\/diarioregionaldigital.com.br\/wp-content\/uploads\/2018\/06\/fotof-2-e1528414681680-360x298.jpg 360w\" sizes=\"auto, (max-width: 680px) 100vw, 680px\" \/><p id=\"caption-attachment-107217\" class=\"wp-caption-text\">A mais aplaudida, Laila Ba\u00eata<\/p><\/div>\n<div id=\"attachment_107188\" style=\"width: 690px\" class=\"wp-caption aligncenter\"><img loading=\"lazy\" decoding=\"async\" aria-describedby=\"caption-attachment-107188\" class=\"wp-image-107188\" src=\"http:\/\/diarioregionaljf.com.br\/wp-content\/uploads\/2018\/06\/fotoi-3-e1528414815575.jpg\" alt=\"\" width=\"680\" height=\"583\" srcset=\"https:\/\/diarioregionaldigital.com.br\/wp-content\/uploads\/2018\/06\/fotoi-3-e1528414815575.jpg 640w, https:\/\/diarioregionaldigital.com.br\/wp-content\/uploads\/2018\/06\/fotoi-3-e1528414815575-300x257.jpg 300w, https:\/\/diarioregionaldigital.com.br\/wp-content\/uploads\/2018\/06\/fotoi-3-e1528414815575-360x309.jpg 360w\" sizes=\"auto, (max-width: 680px) 100vw, 680px\" \/><p id=\"caption-attachment-107188\" class=\"wp-caption-text\">O glamour de Danielle Zanon<\/p><\/div>\n<div id=\"attachment_107189\" style=\"width: 690px\" class=\"wp-caption aligncenter\"><img loading=\"lazy\" decoding=\"async\" aria-describedby=\"caption-attachment-107189\" class=\"wp-image-107189\" src=\"http:\/\/diarioregionaljf.com.br\/wp-content\/uploads\/2018\/06\/fotoj-3.jpg\" alt=\"\" width=\"680\" height=\"453\" srcset=\"https:\/\/diarioregionaldigital.com.br\/wp-content\/uploads\/2018\/06\/fotoj-3.jpg 960w, https:\/\/diarioregionaldigital.com.br\/wp-content\/uploads\/2018\/06\/fotoj-3-300x200.jpg 300w, https:\/\/diarioregionaldigital.com.br\/wp-content\/uploads\/2018\/06\/fotoj-3-768x512.jpg 768w, https:\/\/diarioregionaldigital.com.br\/wp-content\/uploads\/2018\/06\/fotoj-3-360x240.jpg 360w\" sizes=\"auto, (max-width: 680px) 100vw, 680px\" \/><p id=\"caption-attachment-107189\" class=\"wp-caption-text\">Top 5 com: Douglas Zanini, Leandro Riani, Bruno Pascoal, Felipe Zancanella, Felipe Guzzo<\/p><\/div>\n<div id=\"attachment_107190\" style=\"width: 690px\" class=\"wp-caption aligncenter\"><img loading=\"lazy\" decoding=\"async\" aria-describedby=\"caption-attachment-107190\" class=\"wp-image-107190\" src=\"http:\/\/diarioregionaljf.com.br\/wp-content\/uploads\/2018\/06\/fotol-1.jpg\" alt=\"\" width=\"680\" height=\"453\" srcset=\"https:\/\/diarioregionaldigital.com.br\/wp-content\/uploads\/2018\/06\/fotol-1.jpg 960w, https:\/\/diarioregionaldigital.com.br\/wp-content\/uploads\/2018\/06\/fotol-1-300x200.jpg 300w, https:\/\/diarioregionaldigital.com.br\/wp-content\/uploads\/2018\/06\/fotol-1-768x512.jpg 768w, https:\/\/diarioregionaldigital.com.br\/wp-content\/uploads\/2018\/06\/fotol-1-360x240.jpg 360w\" sizes=\"auto, (max-width: 680px) 100vw, 680px\" \/><p id=\"caption-attachment-107190\" class=\"wp-caption-text\">Top 5 com: Larissa Bruna, Maria Eduarda Azevedo, Luiza Watson, Fernanda Carvalho e Yasmin Marinho<\/p><\/div>\n<div id=\"attachment_107211\" style=\"width: 690px\" class=\"wp-caption aligncenter\"><img loading=\"lazy\" decoding=\"async\" aria-describedby=\"caption-attachment-107211\" class=\"wp-image-107211\" src=\"http:\/\/diarioregionaljf.com.br\/wp-content\/uploads\/2018\/06\/fotoh-2-e1528414739988.jpg\" alt=\"\" width=\"680\" height=\"583\" srcset=\"https:\/\/diarioregionaldigital.com.br\/wp-content\/uploads\/2018\/06\/fotoh-2-e1528414739988.jpg 640w, https:\/\/diarioregionaldigital.com.br\/wp-content\/uploads\/2018\/06\/fotoh-2-e1528414739988-300x257.jpg 300w, https:\/\/diarioregionaldigital.com.br\/wp-content\/uploads\/2018\/06\/fotoh-2-e1528414739988-360x309.jpg 360w\" sizes=\"auto, (max-width: 680px) 100vw, 680px\" \/><p id=\"caption-attachment-107211\" class=\"wp-caption-text\">A pl\u00e1stica perfeita de Yasmin Marinho<\/p><\/div>\n<div id=\"attachment_107216\" style=\"width: 690px\" class=\"wp-caption aligncenter\"><img loading=\"lazy\" decoding=\"async\" aria-describedby=\"caption-attachment-107216\" class=\"wp-image-107216\" src=\"http:\/\/diarioregionaljf.com.br\/wp-content\/uploads\/2018\/06\/fotoe-1-e1528415491743.jpg\" alt=\"\" width=\"680\" height=\"583\" srcset=\"https:\/\/diarioregionaldigital.com.br\/wp-content\/uploads\/2018\/06\/fotoe-1-e1528415491743.jpg 640w, https:\/\/diarioregionaldigital.com.br\/wp-content\/uploads\/2018\/06\/fotoe-1-e1528415491743-300x257.jpg 300w, https:\/\/diarioregionaldigital.com.br\/wp-content\/uploads\/2018\/06\/fotoe-1-e1528415491743-360x309.jpg 360w\" sizes=\"auto, (max-width: 680px) 100vw, 680px\" \/><p id=\"caption-attachment-107216\" class=\"wp-caption-text\">A mais graciosa, Vanessa Dias<\/p><\/div>\n<div id=\"attachment_107210\" style=\"width: 690px\" class=\"wp-caption aligncenter\"><img loading=\"lazy\" decoding=\"async\" aria-describedby=\"caption-attachment-107210\" class=\"wp-image-107210\" src=\"http:\/\/diarioregionaljf.com.br\/wp-content\/uploads\/2018\/06\/fotom-4-e1528415032496.jpg\" alt=\"\" width=\"680\" height=\"1029\" \/><p id=\"caption-attachment-107210\" class=\"wp-caption-text\">O maquiador Igor Boscato e o fot\u00f3grafo Johnny Pio, ambos j\u00e1 premiados com o Trof\u00e9u Di\u00e1rio Regional \u2013 TVE<\/p><\/div>\n<div id=\"attachment_107201\" style=\"width: 690px\" class=\"wp-caption aligncenter\"><img loading=\"lazy\" decoding=\"async\" aria-describedby=\"caption-attachment-107201\" class=\"wp-image-107201\" src=\"http:\/\/diarioregionaljf.com.br\/wp-content\/uploads\/2018\/06\/foton-1-e1528415377711.jpg\" alt=\"\" width=\"680\" height=\"565\" srcset=\"https:\/\/diarioregionaldigital.com.br\/wp-content\/uploads\/2018\/06\/foton-1-e1528415377711.jpg 1172w, https:\/\/diarioregionaldigital.com.br\/wp-content\/uploads\/2018\/06\/foton-1-e1528415377711-300x249.jpg 300w, https:\/\/diarioregionaldigital.com.br\/wp-content\/uploads\/2018\/06\/foton-1-e1528415377711-768x638.jpg 768w, https:\/\/diarioregionaldigital.com.br\/wp-content\/uploads\/2018\/06\/foton-1-e1528415377711-1024x851.jpg 1024w, https:\/\/diarioregionaldigital.com.br\/wp-content\/uploads\/2018\/06\/foton-1-e1528415377711-360x299.jpg 360w\" sizes=\"auto, (max-width: 680px) 100vw, 680px\" \/><p id=\"caption-attachment-107201\" class=\"wp-caption-text\">Os eleitos Maria Eduarda Azevedo e Felipe Guzzo<\/p><\/div>\n<div id=\"attachment_107213\" style=\"width: 690px\" class=\"wp-caption aligncenter\"><img loading=\"lazy\" decoding=\"async\" aria-describedby=\"caption-attachment-107213\" class=\"wp-image-107213\" src=\"http:\/\/diarioregionaljf.com.br\/wp-content\/uploads\/2018\/06\/fotob-3.jpg\" alt=\"\" width=\"680\" height=\"453\" srcset=\"https:\/\/diarioregionaldigital.com.br\/wp-content\/uploads\/2018\/06\/fotob-3.jpg 960w, https:\/\/diarioregionaldigital.com.br\/wp-content\/uploads\/2018\/06\/fotob-3-300x200.jpg 300w, https:\/\/diarioregionaldigital.com.br\/wp-content\/uploads\/2018\/06\/fotob-3-768x512.jpg 768w, https:\/\/diarioregionaldigital.com.br\/wp-content\/uploads\/2018\/06\/fotob-3-360x240.jpg 360w\" sizes=\"auto, (max-width: 680px) 100vw, 680px\" \/><p id=\"caption-attachment-107213\" class=\"wp-caption-text\">Os jurados com, Igor Rezende, Rodrigo Brigatto, J\u00falia Horta, Lorena Rodrigues e M\u00e1rcia Coelho<\/p><\/div>\n<p style=\"text-align: center;\"><strong>FOTOSS\u00cdNTESE<\/strong><\/p>\n<p>Pablo &amp; Ricardo fazem show hoje em Santos Dumont no Fog\u00e3o a Lenha. No s\u00e1bado, no Arrai\u00e1 do Haras Morena, e no domingo, no Arrai\u00e1 da Pra\u00e7a em Belmiro Braga.<\/p>\n<p>O senador Ant\u00f4nio Anastasia ser\u00e1 homenageado hoje com jantar no Hotel Green Hill, pela Associa\u00e7\u00e3o Comercial. Merci pelo convite.<\/p>\n<p>A competente m\u00e9dica psiquiatra Elimar Jacob Salzer Rodrigues brilha intensamente em seu blog com o texto \u201cLuzes no Tratamento da Depress\u00e3o\u201d. Em s\u00edntese, ela traduz que \u201cmesmo submetidas as mesmas condi\u00e7\u00f5es de medos e de estresses, as pessoas apresentam diferentes respostas emocionais e org\u00e2nicas por eles gerados\u201d.<\/p>\n<p>Em estilo \u00fanico, o Caf\u00e9 Filos\u00f3fico ir\u00e1 dar sequ\u00eancia ao seu ciclo de palestras no dia 22 de junho e convocou o Dr. Alexandre Moreira de Almeida para falar sobre Sa\u00fade e Espiritualidade. Ser\u00e1 \u00e0s 19h, na Biblioteca Redentorista.<\/p>\n<p>Com muito anarri\u00ea, a Festa Junina da Papel vai rolar no dia 16 de junho, \u00e0s 17h, no reduto de Raquel Torres, no Aeroporto.<\/p>\n<p>Para o final de semana, o promoter Lu\u00eds Sa\u00e7\u00e7o leva grupo de \u2018bunitus\u2019 para curtir a boate Zax Clube, na Barra da Tijuca, no Rio de Janeiro.<\/p>\n<p>Para o s\u00e1bado, 9 de junho vai bombar a festa \u201cDisco Fever\u201d, na sede social da ASE, com a volta ao tempo com boa m\u00fasica.<\/p>\n<p>No domingo lan\u00e7arei a Sele\u00e7\u00e3o Brasileira de Bunitus para torcer na Copa do Mundo: 11 homens e 11 mulheres capotantes.<\/p>\n<p>Para arquivar: Seja um incentivador de pessoas: o mundo j\u00e1 tem cr\u00edticos demais! Bom final de semana.<\/p>\n<p><img loading=\"lazy\" decoding=\"async\" class=\"aligncenter size-full wp-image-107239\" src=\"http:\/\/diarioregionaljf.com.br\/wp-content\/uploads\/2018\/06\/Dia-dos-Namorados_6x6-2.jpg\" alt=\"\" width=\"3489\" height=\"712\" srcset=\"https:\/\/diarioregionaldigital.com.br\/wp-content\/uploads\/2018\/06\/Dia-dos-Namorados_6x6-2.jpg 3489w, https:\/\/diarioregionaldigital.com.br\/wp-content\/uploads\/2018\/06\/Dia-dos-Namorados_6x6-2-300x61.jpg 300w, https:\/\/diarioregionaldigital.com.br\/wp-content\/uploads\/2018\/06\/Dia-dos-Namorados_6x6-2-768x157.jpg 768w, https:\/\/diarioregionaldigital.com.br\/wp-content\/uploads\/2018\/06\/Dia-dos-Namorados_6x6-2-1024x209.jpg 1024w, https:\/\/diarioregionaldigital.com.br\/wp-content\/uploads\/2018\/06\/Dia-dos-Namorados_6x6-2-360x73.jpg 360w\" sizes=\"auto, (max-width: 3489px) 100vw, 3489px\" \/><\/p>\n","protected":false},"excerpt":{"rendered":"<p>Feijoada Mobiliza\u00e7\u00e3o total este s\u00e1bado, 9, no Capit\u00f3lio, para a Feijoada da Torcida promovida pelo colunista C\u00e9sar Romero. A grande festa que re\u00fane velhos e novos amigos ter\u00e1 festival de pr\u00eamios e shows de Renan &amp; Cristiano, Sandra Portella, Edmar Augusto e DJ Vov\u00f4 e cobertura deste colunista. Dia dos Namorados Em contagem regressiva para [&hellip;]<\/p>\n","protected":false},"author":96,"featured_media":107212,"comment_status":"closed","ping_status":"closed","sticky":false,"template":"","format":"standard","meta":{"footnotes":""},"categories":[264],"tags":[],"class_list":["post-107236","post","type-post","status-publish","format-standard","has-post-thumbnail","hentry","category-eduardo-gomes"],"_links":{"self":[{"href":"https:\/\/diarioregionaldigital.com.br\/index.php?rest_route=\/wp\/v2\/posts\/107236","targetHints":{"allow":["GET"]}}],"collection":[{"href":"https:\/\/diarioregionaldigital.com.br\/index.php?rest_route=\/wp\/v2\/posts"}],"about":[{"href":"https:\/\/diarioregionaldigital.com.br\/index.php?rest_route=\/wp\/v2\/types\/post"}],"author":[{"embeddable":true,"href":"https:\/\/diarioregionaldigital.com.br\/index.php?rest_route=\/wp\/v2\/users\/96"}],"replies":[{"embeddable":true,"href":"https:\/\/diarioregionaldigital.com.br\/index.php?rest_route=%2Fwp%2Fv2%2Fcomments&post=107236"}],"version-history":[{"count":0,"href":"https:\/\/diarioregionaldigital.com.br\/index.php?rest_route=\/wp\/v2\/posts\/107236\/revisions"}],"wp:featuredmedia":[{"embeddable":true,"href":"https:\/\/diarioregionaldigital.com.br\/index.php?rest_route=\/wp\/v2\/media\/107212"}],"wp:attachment":[{"href":"https:\/\/diarioregionaldigital.com.br\/index.php?rest_route=%2Fwp%2Fv2%2Fmedia&parent=107236"}],"wp:term":[{"taxonomy":"category","embeddable":true,"href":"https:\/\/diarioregionaldigital.com.br\/index.php?rest_route=%2Fwp%2Fv2%2Fcategories&post=107236"},{"taxonomy":"post_tag","embeddable":true,"href":"https:\/\/diarioregionaldigital.com.br\/index.php?rest_route=%2Fwp%2Fv2%2Ftags&post=107236"}],"curies":[{"name":"wp","href":"https:\/\/api.w.org\/{rel}","templated":true}]}}