{"id":107222,"date":"2018-06-07T18:21:54","date_gmt":"2018-06-07T21:21:54","guid":{"rendered":"http:\/\/diarioregionaljf.com.br\/?p=107222"},"modified":"2018-06-07T18:21:54","modified_gmt":"2018-06-07T21:21:54","slug":"policia-civil-apresenta-suspeito-de-aplicar-golpes-em-pousada-em-ibitipoca","status":"publish","type":"post","link":"https:\/\/diarioregionaldigital.com.br\/?p=107222","title":{"rendered":"Pol\u00edcia Civil apresenta suspeito de aplicar golpes em pousada em Ibitipoca"},"content":{"rendered":"<p>Nesta quinta-feira, 7, a Pol\u00edcia Civil, em a\u00e7\u00e3o\u00a0 conjunta com a Pol\u00edcia Militar, prendeu um homem de 43 anos, o qual \u00e9 investigado por ter aplicado diversos golpes relacionados a alugu\u00e9is de uma Pousada em Ibitipoca conhecida como \u201cCHALES DO ABRA\u00c3O\u201d.<\/p>\n<p>&nbsp;<\/p>\n<p>O autor realizava o an\u00fancio de referida Pousada pela internet e redes sociais e cobrava adiantado uma parte do pagamento da estadia, geralmente metade do valor da estadia completa.<\/p>\n<p>&nbsp;<\/p>\n<p>Ocorre que as v\u00edtimas\/h\u00f3spedes chegavam ao local e encontravam uma situa\u00e7\u00e3o completamente diversa da anunciada, estando o local em p\u00e9ssimas condi\u00e7\u00f5es, como paredes com mofos; goteiras; len\u00e7\u00f3is e camas manchadas e banheiro sem ralo.<\/p>\n<p>&nbsp;<\/p>\n<p>As v\u00edtimas do investigado s\u00e3o de diversas cidades, como Barbacena, Ouro Branco, Belo Horizonte, Rio de Janeiro e Juiz de Fora. Em algumas ocasi\u00f5es a pousada estava sem ningu\u00e9m e as v\u00edtimas n\u00e3o conseguiam sequer encontrar o autor. Sendo que nas vezes em que este era encontrado o mesmo se recusava a devolver os valores pagos pelas v\u00edtimas.<\/p>\n<p>&nbsp;<\/p>\n<p>A situa\u00e7\u00e3o fazia com que os turistas tivessem que procurar e pagar pela estadia em outra Pousada em Ibitipoca. O investigado j\u00e1 tem passagens pela pr\u00e1tica dos crimes de estelionato e pela pr\u00e1tica do crime previsto no artigo 66 do C\u00f3digo de Defesa do Consumidor, tendo sido o mesmo preso na presente data por uma equipe conjunta da Policia Militar e Pol\u00edcia Civil, sendo encaminhado ao CERESP\/JF.<\/p>\n<p>&nbsp;<\/p>\n<p>Fonte: Assessoria\/PC<\/p>\n<p>&nbsp;<\/p>\n","protected":false},"excerpt":{"rendered":"<p>Nesta quinta-feira, 7, a Pol\u00edcia Civil, em a\u00e7\u00e3o\u00a0 conjunta com a Pol\u00edcia Militar, prendeu um homem de 43 anos, o qual \u00e9 investigado por ter aplicado diversos golpes relacionados a alugu\u00e9is de uma Pousada em Ibitipoca conhecida como \u201cCHALES DO ABRA\u00c3O\u201d. &nbsp; O autor realizava o an\u00fancio de referida Pousada pela internet e redes sociais [&hellip;]<\/p>\n","protected":false},"author":96,"featured_media":107223,"comment_status":"closed","ping_status":"closed","sticky":false,"template":"","format":"standard","meta":{"footnotes":""},"categories":[436,440,252],"tags":[],"class_list":["post-107222","post","type-post","status-publish","format-standard","has-post-thumbnail","hentry","category-destaque-da-semana","category-destaques-do-dia","category-regiao"],"_links":{"self":[{"href":"https:\/\/diarioregionaldigital.com.br\/index.php?rest_route=\/wp\/v2\/posts\/107222","targetHints":{"allow":["GET"]}}],"collection":[{"href":"https:\/\/diarioregionaldigital.com.br\/index.php?rest_route=\/wp\/v2\/posts"}],"about":[{"href":"https:\/\/diarioregionaldigital.com.br\/index.php?rest_route=\/wp\/v2\/types\/post"}],"author":[{"embeddable":true,"href":"https:\/\/diarioregionaldigital.com.br\/index.php?rest_route=\/wp\/v2\/users\/96"}],"replies":[{"embeddable":true,"href":"https:\/\/diarioregionaldigital.com.br\/index.php?rest_route=%2Fwp%2Fv2%2Fcomments&post=107222"}],"version-history":[{"count":0,"href":"https:\/\/diarioregionaldigital.com.br\/index.php?rest_route=\/wp\/v2\/posts\/107222\/revisions"}],"wp:featuredmedia":[{"embeddable":true,"href":"https:\/\/diarioregionaldigital.com.br\/index.php?rest_route=\/wp\/v2\/media\/107223"}],"wp:attachment":[{"href":"https:\/\/diarioregionaldigital.com.br\/index.php?rest_route=%2Fwp%2Fv2%2Fmedia&parent=107222"}],"wp:term":[{"taxonomy":"category","embeddable":true,"href":"https:\/\/diarioregionaldigital.com.br\/index.php?rest_route=%2Fwp%2Fv2%2Fcategories&post=107222"},{"taxonomy":"post_tag","embeddable":true,"href":"https:\/\/diarioregionaldigital.com.br\/index.php?rest_route=%2Fwp%2Fv2%2Ftags&post=107222"}],"curies":[{"name":"wp","href":"https:\/\/api.w.org\/{rel}","templated":true}]}}