{"id":107203,"date":"2018-06-07T16:54:46","date_gmt":"2018-06-07T19:54:46","guid":{"rendered":"http:\/\/diarioregionaljf.com.br\/?p=107203"},"modified":"2018-06-07T16:57:39","modified_gmt":"2018-06-07T19:57:39","slug":"bruno-siqueira-lanca-sua-pre-candidatura-ao-senado-federal-neste-sabado-em-juiz-de-fora","status":"publish","type":"post","link":"https:\/\/diarioregionaldigital.com.br\/?p=107203","title":{"rendered":"Bruno Siqueira lan\u00e7a sua pr\u00e9-candidatura ao Senado Federal neste s\u00e1bado em Juiz de Fora"},"content":{"rendered":"<p style=\"font-weight: 400;\">O MDB-MG realizar\u00e1, no pr\u00f3ximo s\u00e1bado, 9, o seu Encontro Regional, em Juiz de Fora, zona da mata. Na ocasi\u00e3o, ocorrer\u00e1 o lan\u00e7amento da pr\u00e9-campanha do ex-prefeito de Juiz de Fora, Bruno Siqueira, ao Senado Federal.<\/p>\n<p>&nbsp;<\/p>\n<div id=\"attachment_107206\" style=\"width: 310px\" class=\"wp-caption aligncenter\"><img loading=\"lazy\" decoding=\"async\" aria-describedby=\"caption-attachment-107206\" class=\"wp-image-107206 size-medium\" src=\"http:\/\/diarioregionaljf.com.br\/wp-content\/uploads\/2018\/06\/J\u00e9ssica-Pereira-300x200.jpg\" alt=\"\" width=\"300\" height=\"200\" srcset=\"https:\/\/diarioregionaldigital.com.br\/wp-content\/uploads\/2018\/06\/J\u00e9ssica-Pereira-300x200.jpg 300w, https:\/\/diarioregionaldigital.com.br\/wp-content\/uploads\/2018\/06\/J\u00e9ssica-Pereira-768x512.jpg 768w, https:\/\/diarioregionaldigital.com.br\/wp-content\/uploads\/2018\/06\/J\u00e9ssica-Pereira-1024x683.jpg 1024w, https:\/\/diarioregionaldigital.com.br\/wp-content\/uploads\/2018\/06\/J\u00e9ssica-Pereira-360x240.jpg 360w\" sizes=\"auto, (max-width: 300px) 100vw, 300px\" \/><p id=\"caption-attachment-107206\" class=\"wp-caption-text\"><em>O ex-prefeito de Juiz de Fora, Bruno Siqueira, vai concorrer na pr\u00f3xima elei\u00e7\u00e3o ao Senado Federal. Foto: Arquivo\/ J\u00e9ssica Pereira<\/em><\/p><\/div>\n<p>&nbsp;<\/p>\n<p style=\"font-weight: 400;\">Tamb\u00e9m estar\u00e3o presentes o vice-governador e presidente estadual do MDB-MG, Ant\u00f4nio Andrade, o pr\u00e9-candidato \u00e0 presid\u00eancia da Rep\u00fablica e ex-ministro da Fazenda, Henrique Meirelles, deputados federais e estaduais da legenda, al\u00e9m de lideran\u00e7as pol\u00edticas da regi\u00e3o.<\/p>\n<p>&nbsp;<\/p>\n<p style=\"font-weight: 400;\">At\u00e9 o momento, a legenda j\u00e1 promoveu reuni\u00f5es em Ipatinga, Governador Valadares e Coronel Fabriciano.<\/p>\n<p style=\"font-weight: 400;\">Fonte: Assessoria<\/p>\n","protected":false},"excerpt":{"rendered":"<p>O MDB-MG realizar\u00e1, no pr\u00f3ximo s\u00e1bado, 9, o seu Encontro Regional, em Juiz de Fora, zona da mata. Na ocasi\u00e3o, ocorrer\u00e1 o lan\u00e7amento da pr\u00e9-campanha do ex-prefeito de Juiz de Fora, Bruno Siqueira, ao Senado Federal. &nbsp; &nbsp; Tamb\u00e9m estar\u00e3o presentes o vice-governador e presidente estadual do MDB-MG, Ant\u00f4nio Andrade, o pr\u00e9-candidato \u00e0 presid\u00eancia da [&hellip;]<\/p>\n","protected":false},"author":96,"featured_media":107205,"comment_status":"closed","ping_status":"closed","sticky":false,"template":"","format":"standard","meta":{"footnotes":""},"categories":[440,254,439],"tags":[],"class_list":["post-107203","post","type-post","status-publish","format-standard","has-post-thumbnail","hentry","category-destaques-do-dia","category-politica","category-ultima-hora"],"_links":{"self":[{"href":"https:\/\/diarioregionaldigital.com.br\/index.php?rest_route=\/wp\/v2\/posts\/107203","targetHints":{"allow":["GET"]}}],"collection":[{"href":"https:\/\/diarioregionaldigital.com.br\/index.php?rest_route=\/wp\/v2\/posts"}],"about":[{"href":"https:\/\/diarioregionaldigital.com.br\/index.php?rest_route=\/wp\/v2\/types\/post"}],"author":[{"embeddable":true,"href":"https:\/\/diarioregionaldigital.com.br\/index.php?rest_route=\/wp\/v2\/users\/96"}],"replies":[{"embeddable":true,"href":"https:\/\/diarioregionaldigital.com.br\/index.php?rest_route=%2Fwp%2Fv2%2Fcomments&post=107203"}],"version-history":[{"count":0,"href":"https:\/\/diarioregionaldigital.com.br\/index.php?rest_route=\/wp\/v2\/posts\/107203\/revisions"}],"wp:featuredmedia":[{"embeddable":true,"href":"https:\/\/diarioregionaldigital.com.br\/index.php?rest_route=\/wp\/v2\/media\/107205"}],"wp:attachment":[{"href":"https:\/\/diarioregionaldigital.com.br\/index.php?rest_route=%2Fwp%2Fv2%2Fmedia&parent=107203"}],"wp:term":[{"taxonomy":"category","embeddable":true,"href":"https:\/\/diarioregionaldigital.com.br\/index.php?rest_route=%2Fwp%2Fv2%2Fcategories&post=107203"},{"taxonomy":"post_tag","embeddable":true,"href":"https:\/\/diarioregionaldigital.com.br\/index.php?rest_route=%2Fwp%2Fv2%2Ftags&post=107203"}],"curies":[{"name":"wp","href":"https:\/\/api.w.org\/{rel}","templated":true}]}}