{"id":107197,"date":"2018-06-07T16:40:41","date_gmt":"2018-06-07T19:40:41","guid":{"rendered":"http:\/\/diarioregionaljf.com.br\/?p=107197"},"modified":"2018-06-07T16:40:41","modified_gmt":"2018-06-07T19:40:41","slug":"prefeito-cassado-de-cabo-frio-e-impugnado-e-fica-fora-de-nova-eleicao","status":"publish","type":"post","link":"https:\/\/diarioregionaldigital.com.br\/?p=107197","title":{"rendered":"Prefeito cassado de Cabo Frio \u00e9 impugnado e fica fora de nova elei\u00e7\u00e3o"},"content":{"rendered":"<p>A Justi\u00e7a do Rio de Janeiro impugnou a candidatura da chapa do prefeito cassado de Cabo Frio, Marcos da Rocha Mendes, o Marquinho Mendes, \u00e0 elei\u00e7\u00e3o suplementar do pr\u00f3ximo dia 24 de junho, atendendo a pedido do Minist\u00e9rio P\u00fablico do Rio de Janeiro (MPRJ). A Justi\u00e7a entendeu que Marquinho \u00e9 o causador da anula\u00e7\u00e3o da elei\u00e7\u00e3o de 2016 e que, por isso, n\u00e3o poderia se candidatar ao novo pleito. A decis\u00e3o ainda cabe recurso.<\/p>\n<p>&nbsp;<\/p>\n<p>Marquinho Mendes teve o mandato cassado no dia 24 de abril deste ano por decis\u00e3o do Tribunal Superior Eleitoral (TSE). O tribunal entendeu que Marquinho Mendes estava com os direitos pol\u00edticos suspensos na ocasi\u00e3o das elei\u00e7\u00f5es de 2016 e que, portanto, a candidatura de sua chapa foi irregular.<\/p>\n<p>&nbsp;<\/p>\n<p>As contas do \u00faltimo ano de sua gest\u00e3o anterior na prefeitura (2008-2012) foram rejeitadas pelo Tribunal de Contas do Estado (TCE-RJ).<\/p>\n<p>Segundo o Minist\u00e9rio P\u00fablico Eleitoral, \u201cs\u00e3o ineleg\u00edveis os que tiverem suas contas relativas ao exerc\u00edcio de cargos ou fun\u00e7\u00f5es p\u00fablicas rejeitadas por irregularidade insan\u00e1vel que configure ato doloso de improbidade administrativa, e por decis\u00e3o irrecorr\u00edvel do \u00f3rg\u00e3o competente, salvo se esta houver sido suspensa ou anulada pelo Poder Judici\u00e1rio, para as elei\u00e7\u00f5es que se realizarem nos oito anos seguintes, contados a partir da data da decis\u00e3o\u201d.<\/p>\n<p>&nbsp;<\/p>\n<p>Fonte: Ag\u00eancia Brasil<\/p>\n","protected":false},"excerpt":{"rendered":"<p>A Justi\u00e7a do Rio de Janeiro impugnou a candidatura da chapa do prefeito cassado de Cabo Frio, Marcos da Rocha Mendes, o Marquinho Mendes, \u00e0 elei\u00e7\u00e3o suplementar do pr\u00f3ximo dia 24 de junho, atendendo a pedido do Minist\u00e9rio P\u00fablico do Rio de Janeiro (MPRJ). A Justi\u00e7a entendeu que Marquinho \u00e9 o causador da anula\u00e7\u00e3o da [&hellip;]<\/p>\n","protected":false},"author":96,"featured_media":107199,"comment_status":"closed","ping_status":"closed","sticky":false,"template":"","format":"standard","meta":{"footnotes":""},"categories":[254,439],"tags":[],"class_list":["post-107197","post","type-post","status-publish","format-standard","has-post-thumbnail","hentry","category-politica","category-ultima-hora"],"_links":{"self":[{"href":"https:\/\/diarioregionaldigital.com.br\/index.php?rest_route=\/wp\/v2\/posts\/107197","targetHints":{"allow":["GET"]}}],"collection":[{"href":"https:\/\/diarioregionaldigital.com.br\/index.php?rest_route=\/wp\/v2\/posts"}],"about":[{"href":"https:\/\/diarioregionaldigital.com.br\/index.php?rest_route=\/wp\/v2\/types\/post"}],"author":[{"embeddable":true,"href":"https:\/\/diarioregionaldigital.com.br\/index.php?rest_route=\/wp\/v2\/users\/96"}],"replies":[{"embeddable":true,"href":"https:\/\/diarioregionaldigital.com.br\/index.php?rest_route=%2Fwp%2Fv2%2Fcomments&post=107197"}],"version-history":[{"count":0,"href":"https:\/\/diarioregionaldigital.com.br\/index.php?rest_route=\/wp\/v2\/posts\/107197\/revisions"}],"wp:featuredmedia":[{"embeddable":true,"href":"https:\/\/diarioregionaldigital.com.br\/index.php?rest_route=\/wp\/v2\/media\/107199"}],"wp:attachment":[{"href":"https:\/\/diarioregionaldigital.com.br\/index.php?rest_route=%2Fwp%2Fv2%2Fmedia&parent=107197"}],"wp:term":[{"taxonomy":"category","embeddable":true,"href":"https:\/\/diarioregionaldigital.com.br\/index.php?rest_route=%2Fwp%2Fv2%2Fcategories&post=107197"},{"taxonomy":"post_tag","embeddable":true,"href":"https:\/\/diarioregionaldigital.com.br\/index.php?rest_route=%2Fwp%2Fv2%2Ftags&post=107197"}],"curies":[{"name":"wp","href":"https:\/\/api.w.org\/{rel}","templated":true}]}}