{"id":107193,"date":"2018-06-07T16:36:03","date_gmt":"2018-06-07T19:36:03","guid":{"rendered":"http:\/\/diarioregionaljf.com.br\/?p=107193"},"modified":"2018-06-07T16:36:03","modified_gmt":"2018-06-07T19:36:03","slug":"receita-libera-nesta-sexta-a-consulta-a-primeiro-lote-de-restituicao-de-ir","status":"publish","type":"post","link":"https:\/\/diarioregionaldigital.com.br\/?p=107193","title":{"rendered":"Receita libera nesta sexta a consulta a primeiro lote de restitui\u00e7\u00e3o de IR"},"content":{"rendered":"<p>A partir das 9 horas desta sexta-feira (8), ser\u00e1 liberada a consulta ao primeiro lote de restitui\u00e7\u00e3o do Imposto de Renda da Pessoa F\u00edsica (IRPF) 2018. O lote contempla tamb\u00e9m restitui\u00e7\u00f5es residuais dos exerc\u00edcios de 2008 a 2017, informou a Receita Federal.<\/p>\n<p>&nbsp;<\/p>\n<p>O cr\u00e9dito banc\u00e1rio para 2.482.638 contribuintes ser\u00e1 realizado no dia 15 de junho, totalizando R$4,8 bilh\u00f5es. Ter\u00e3o prioridade para receber a restitui\u00e7\u00e3o 228.921 idosos acima de 80 anos, 2.100.461 contribuintes entre 60 e 79 anos e 153.256 contribuintes com alguma defici\u00eancia f\u00edsica ou mental ou doen\u00e7a grave. Para saber se teve a declara\u00e7\u00e3o liberada, o contribuinte dever\u00e1 acessar a\u00a0<a href=\"http:\/\/idg.receita.fazenda.gov.br\/\" target=\"_blank\" rel=\"noopener\">p\u00e1gina da Receita na\u00a0<em>internet<\/em><\/a>\u00a0ou ligar para o Receitafone 146.<\/p>\n<p>&nbsp;<\/p>\n<p>Na consulta \u00e0 p\u00e1gina da Receita, servi\u00e7o e-CAC, \u00e9 poss\u00edvel acessar o extrato da declara\u00e7\u00e3o e ver se h\u00e1 inconsist\u00eancias de dados identificadas pelo processamento.<\/p>\n<p>Nesta hip\u00f3tese, o contribuinte pode avaliar as inconsist\u00eancias e fazer a autorregulariza\u00e7\u00e3o, mediante entrega de declara\u00e7\u00e3o retificadora, informou a Receita.<\/p>\n<p>&nbsp;<\/p>\n<p><strong>Cadastro de Pessoas F\u00edsicas<\/strong><\/p>\n<p>&nbsp;<\/p>\n<p>H\u00e1, ainda, aplicativo para\u00a0<em>tablets<\/em>\u00a0e\u00a0<em>smartphones<\/em>, o que facilita consulta \u00e0s declara\u00e7\u00f5es do IRPF e situa\u00e7\u00e3o no CPF \u2013 Cadastro de Pessoas F\u00edsicas.<\/p>\n<p>&nbsp;<\/p>\n<p>A restitui\u00e7\u00e3o ficar\u00e1 dispon\u00edvel no banco durante um ano. Se o contribuinte n\u00e3o fizer o resgate nesse prazo, dever\u00e1 fazer requerimento por meio da internet, mediante o Formul\u00e1rio Eletr\u00f4nico &#8211; Pedido de Pagamento de Restitui\u00e7\u00e3o, ou diretamente no e-CAC, no servi\u00e7o Extrato do Processamento da Declara\u00e7\u00e3o do Imposto de Renda Pessoa F\u00edsica.<\/p>\n<p>&nbsp;<\/p>\n<p>Caso o valor n\u00e3o seja creditado, o contribuinte poder\u00e1 contatar pessoalmente qualquer ag\u00eancia do Banco do Brasil ou ligar para a Central de Atendimento por meio do telefone 4004-0001 (capitais), 0800-729-0001 (demais localidades) e 0800-729-0088 (telefone especial exclusivo para deficientes auditivos) para agendar o cr\u00e9dito em conta-corrente ou poupan\u00e7a, em seu nome, em qualquer banco.<\/p>\n<p>&nbsp;<\/p>\n<p>Fonte: Ag\u00eancia Brasil<\/p>\n","protected":false},"excerpt":{"rendered":"<p>A partir das 9 horas desta sexta-feira (8), ser\u00e1 liberada a consulta ao primeiro lote de restitui\u00e7\u00e3o do Imposto de Renda da Pessoa F\u00edsica (IRPF) 2018. O lote contempla tamb\u00e9m restitui\u00e7\u00f5es residuais dos exerc\u00edcios de 2008 a 2017, informou a Receita Federal. &nbsp; O cr\u00e9dito banc\u00e1rio para 2.482.638 contribuintes ser\u00e1 realizado no dia 15 de [&hellip;]<\/p>\n","protected":false},"author":96,"featured_media":107195,"comment_status":"closed","ping_status":"closed","sticky":false,"template":"","format":"standard","meta":{"footnotes":""},"categories":[261,439],"tags":[],"class_list":["post-107193","post","type-post","status-publish","format-standard","has-post-thumbnail","hentry","category-economia","category-ultima-hora"],"_links":{"self":[{"href":"https:\/\/diarioregionaldigital.com.br\/index.php?rest_route=\/wp\/v2\/posts\/107193","targetHints":{"allow":["GET"]}}],"collection":[{"href":"https:\/\/diarioregionaldigital.com.br\/index.php?rest_route=\/wp\/v2\/posts"}],"about":[{"href":"https:\/\/diarioregionaldigital.com.br\/index.php?rest_route=\/wp\/v2\/types\/post"}],"author":[{"embeddable":true,"href":"https:\/\/diarioregionaldigital.com.br\/index.php?rest_route=\/wp\/v2\/users\/96"}],"replies":[{"embeddable":true,"href":"https:\/\/diarioregionaldigital.com.br\/index.php?rest_route=%2Fwp%2Fv2%2Fcomments&post=107193"}],"version-history":[{"count":0,"href":"https:\/\/diarioregionaldigital.com.br\/index.php?rest_route=\/wp\/v2\/posts\/107193\/revisions"}],"wp:featuredmedia":[{"embeddable":true,"href":"https:\/\/diarioregionaldigital.com.br\/index.php?rest_route=\/wp\/v2\/media\/107195"}],"wp:attachment":[{"href":"https:\/\/diarioregionaldigital.com.br\/index.php?rest_route=%2Fwp%2Fv2%2Fmedia&parent=107193"}],"wp:term":[{"taxonomy":"category","embeddable":true,"href":"https:\/\/diarioregionaldigital.com.br\/index.php?rest_route=%2Fwp%2Fv2%2Fcategories&post=107193"},{"taxonomy":"post_tag","embeddable":true,"href":"https:\/\/diarioregionaldigital.com.br\/index.php?rest_route=%2Fwp%2Fv2%2Ftags&post=107193"}],"curies":[{"name":"wp","href":"https:\/\/api.w.org\/{rel}","templated":true}]}}