{"id":107171,"date":"2018-06-07T16:02:32","date_gmt":"2018-06-07T19:02:32","guid":{"rendered":"http:\/\/diarioregionaljf.com.br\/?p=107171"},"modified":"2018-06-07T16:02:32","modified_gmt":"2018-06-07T19:02:32","slug":"ufjf-recebe-palestra-de-monja-budista-e-ativista-feminista-nesta-quinta-feira","status":"publish","type":"post","link":"https:\/\/diarioregionaldigital.com.br\/?p=107171","title":{"rendered":"UFJF recebe palestra de monja budista e ativista feminista nesta quinta-feira"},"content":{"rendered":"<p>Pesquisadora, monja e ativista feminista, Karma Lekshe Tsomo ministra a palestra \u201cMulheres, compaix\u00e3o e justi\u00e7a social\u201d, nesta quinta-feira, 7, a partir de 18h30, na sala BI-7 do Instituto de Ci\u00eancias Humanas (ICH) da Universidade Federal de Juiz de Fora (UFJF). O enfoque do encontro ser\u00e1 discutir o papel e o empoderamento das mulheres nos meios de estudos religiosos e da sociedade.<\/p>\n<p>&nbsp;<\/p>\n<p>No Budismo, a discuss\u00e3o do papel da mulher tem sido recorrente principalmente pela estrutura patriarcal que sustenta o sistema \u00e9tico e filos\u00f3fico dos seguidores da religi\u00e3o. Desta forma, o protagonismo da mulher frente a novas din\u00e2micas \u00e9 cada vez mais necess\u00e1rio.<\/p>\n<p>&nbsp;<\/p>\n<p>\u201cQualquer que seja o g\u00eanero que calhou de termos nesta vida, precisamos deixar de lado quaisquer concep\u00e7\u00f5es err\u00f4neas que tenhamos sobre as capacidades das mulheres e encoraj\u00e1-las a tornarem-se os exemplos que precisamos ver no mundo\u201d, escreveu a monja em um artigo sobre o futuro da mulher no budismo.<\/p>\n<p>&nbsp;<\/p>\n<p>A palestra na UFJF \u00e9 gratuita, \u00a0sem necessidade de inscri\u00e7\u00e3o pr\u00e9via, e acontece por media\u00e7\u00e3o do Centro de Estudos Budistas Bodisatva (Cebb), tendo tradu\u00e7\u00e3o simult\u00e2nea.<\/p>\n<p>&nbsp;<\/p>\n<p><b>A pesquisadora<\/b><\/p>\n<p><b><br \/>\n<\/b>Karma Lekshe \u00e9 estudiosa de Ci\u00eancias da Religi\u00e3o e est\u00e1 realizando, desde maio, ciclos de estudos em v\u00e1rias cidades do Brasil. Ap\u00f3s a passagem por Juiz de Fora, ela ainda realiza um encontro no Rio de Janeiro.<\/p>\n<p>&nbsp;<\/p>\n<p><img loading=\"lazy\" decoding=\"async\" class=\"aligncenter size-full wp-image-107173\" src=\"http:\/\/diarioregionaljf.com.br\/wp-content\/uploads\/2018\/06\/budista.jpg\" alt=\"\" width=\"700\" height=\"325\" srcset=\"https:\/\/diarioregionaldigital.com.br\/wp-content\/uploads\/2018\/06\/budista.jpg 700w, https:\/\/diarioregionaldigital.com.br\/wp-content\/uploads\/2018\/06\/budista-300x139.jpg 300w, https:\/\/diarioregionaldigital.com.br\/wp-content\/uploads\/2018\/06\/budista-360x167.jpg 360w\" sizes=\"auto, (max-width: 700px) 100vw, 700px\" \/><\/p>\n<p>&nbsp;<\/p>\n<p>Ordenada em 1977, Karma estudou durante 15 anos o budismo tibetano em Dharamsala, cidade do norte da \u00cdndia. Atualmente, leciona na Universidade de San Diego, nos Estados Unidos, e conta com mais de nove livros publicados, discutindo, prioritariamente, a tem\u00e1tica das mulheres no Budismo, quest\u00f5es da morte e o morrer al\u00e9m da filosofia e \u00e9tica budista.<\/p>\n<p>&nbsp;<\/p>\n<p>Al\u00e9m dos trabalhos acad\u00eamicos, ela integra a\u00e7\u00f5es de forma\u00e7\u00e3o, ativismo social e feminismo por meio da Associa\u00e7\u00e3o Internacional Sakyadhita de Mulheres Budistas e Funda\u00e7\u00e3o Jamyang, projeto idealizado por ela para levar educa\u00e7\u00e3o \u00e0s mulheres de pa\u00edses em desenvolvimento.<\/p>\n<p>&nbsp;<\/p>\n<p>Fonte: Assessoria<\/p>\n","protected":false},"excerpt":{"rendered":"<p>Pesquisadora, monja e ativista feminista, Karma Lekshe Tsomo ministra a palestra \u201cMulheres, compaix\u00e3o e justi\u00e7a social\u201d, nesta quinta-feira, 7, a partir de 18h30, na sala BI-7 do Instituto de Ci\u00eancias Humanas (ICH) da Universidade Federal de Juiz de Fora (UFJF). O enfoque do encontro ser\u00e1 discutir o papel e o empoderamento das mulheres nos meios [&hellip;]<\/p>\n","protected":false},"author":96,"featured_media":107172,"comment_status":"closed","ping_status":"closed","sticky":false,"template":"","format":"standard","meta":{"footnotes":""},"categories":[253,440,439],"tags":[],"class_list":["post-107171","post","type-post","status-publish","format-standard","has-post-thumbnail","hentry","category-cidade","category-destaques-do-dia","category-ultima-hora"],"_links":{"self":[{"href":"https:\/\/diarioregionaldigital.com.br\/index.php?rest_route=\/wp\/v2\/posts\/107171","targetHints":{"allow":["GET"]}}],"collection":[{"href":"https:\/\/diarioregionaldigital.com.br\/index.php?rest_route=\/wp\/v2\/posts"}],"about":[{"href":"https:\/\/diarioregionaldigital.com.br\/index.php?rest_route=\/wp\/v2\/types\/post"}],"author":[{"embeddable":true,"href":"https:\/\/diarioregionaldigital.com.br\/index.php?rest_route=\/wp\/v2\/users\/96"}],"replies":[{"embeddable":true,"href":"https:\/\/diarioregionaldigital.com.br\/index.php?rest_route=%2Fwp%2Fv2%2Fcomments&post=107171"}],"version-history":[{"count":0,"href":"https:\/\/diarioregionaldigital.com.br\/index.php?rest_route=\/wp\/v2\/posts\/107171\/revisions"}],"wp:featuredmedia":[{"embeddable":true,"href":"https:\/\/diarioregionaldigital.com.br\/index.php?rest_route=\/wp\/v2\/media\/107172"}],"wp:attachment":[{"href":"https:\/\/diarioregionaldigital.com.br\/index.php?rest_route=%2Fwp%2Fv2%2Fmedia&parent=107171"}],"wp:term":[{"taxonomy":"category","embeddable":true,"href":"https:\/\/diarioregionaldigital.com.br\/index.php?rest_route=%2Fwp%2Fv2%2Fcategories&post=107171"},{"taxonomy":"post_tag","embeddable":true,"href":"https:\/\/diarioregionaldigital.com.br\/index.php?rest_route=%2Fwp%2Fv2%2Ftags&post=107171"}],"curies":[{"name":"wp","href":"https:\/\/api.w.org\/{rel}","templated":true}]}}