{"id":107140,"date":"2018-06-07T20:15:33","date_gmt":"2018-06-07T23:15:33","guid":{"rendered":"http:\/\/diarioregionaljf.com.br\/?p=107140"},"modified":"2018-06-07T19:48:58","modified_gmt":"2018-06-07T22:48:58","slug":"lenine-retorna-a-juiz-de-fora-com-a-turne-em-transito","status":"publish","type":"post","link":"https:\/\/diarioregionaldigital.com.br\/?p=107140","title":{"rendered":"Lenine retorna a Juiz de Fora com a turn\u00ea \u2018Em Tr\u00e2nsito\u2019"},"content":{"rendered":"<p>Quando ouvi meu nome sendo dito ao telefone com um sotaque pernambucano aconchegante, confesso que me emocionei! A jornalista ficou a parte por um instante e deu lugar \u00e0 emo\u00e7\u00e3o de uma admiradora! Passado (um pouco!) o nervosismo inicial, tive a oportunidade de conhecer um pouco mais sobre a carreira do cantor Lenine, que chega a Juiz de Fora com sua nova turn\u00ea, \u2018Em Tr\u00e2nsito\u2019.<\/p>\n<p>O trabalho, que representa uma mudan\u00e7a no fazer musical do cantor ao subverter a t\u00edpica cronologia \u2018\u00e1lbum de est\u00fadio &#8211; show &#8211; \u00e1lbum ao vivo\u2019, re\u00fane 10 can\u00e7\u00f5es que, assim como o of\u00edcio do cronista, sintetizam em palavras &#8211; e sons! &#8211; quest\u00f5es da atualidade e do cotidiano.<\/p>\n<p>Em \u201cIntoler\u00e2ncia\u201d, Lenine fala daquela \u2018sujeita\u201d que \u201cvem e espalha conflito; ganha nem que seja no grito\u201d. J\u00e1 \u201cBicho Saudade\u201d, parceria com o filho e tamb\u00e9m cantor Jo\u00e3o Cavalcanti, fala de um bicho grande, que \u201cqu\u00e3o mais se expande, mais denso; qu\u00e3o mais denso, mais se expande\u201d. \u201cDe onde vem a can\u00e7\u00e3o\u201d questiona ainda para onde ela se vai \u201cquando finda a melodia\u201d!<\/p>\n<p>Acompanhado dos m\u00fasicos Jr. Tostoi, Guila, Pantico Rocha e Bruno Giorgi (filho do cantor e diretor musical de \u2018Em Tr\u00e2nsito\u2019), Lenine traz essas e outras can\u00e7\u00f5es que marcaram sua carreira ao palco do Cine-Theatro Central, nesta sexta-feira, 8.<\/p>\n<p>&nbsp;<\/p>\n<p style=\"text-align: center;\"><span style=\"font-size: 12pt;\"><strong>Confira um pouquinho da nossa conversa com o cantor recifense!<\/strong><\/span><\/p>\n<p><strong>DR: <\/strong>Voc\u00ea \u2018dividiu\u2019 os seis trabalhos anteriores ao \u2018Em Tr\u00e2nsito\u2019 em duas trilogias, uma na qual fazia a amarra\u00e7\u00e3o de obras j\u00e1 prontas e outra na qual criava as m\u00fasicas a partir de um projeto proposto previamente. Qual o lugar ocupado por este novo trabalho?<\/p>\n<p><strong>LENINE<\/strong>: Na verdade ele fica justamente nessa posi\u00e7\u00e3o: eu estou abrindo outro caminho! Quando a gente chegou ao final do ano passado, terminando a turn\u00ea do [\u00e1lbum] \u2018Carbono\u2019 (2015) e eu me perguntei o que queria fazer, me deparei, primeiro, com a distopia que vivemos, desesperan\u00e7oso; por outro lado, essas mudan\u00e7as acontecendo numa velocidade vertiginosa, sem dar certeza a ningu\u00e9m, est\u00e1 tudo no ar! Ent\u00e3o isso realmente me levou a pensar a mec\u00e2nica do fazer.<\/p>\n<p>No final das contas, para a minha profiss\u00e3o, quando a gente tem algum tipo de sentimento de repeti\u00e7\u00e3o, a gente quer burlar isso! Eu n\u00e3o fiz, por exemplo, as duas trilogias que voc\u00ea citou, conscientemente. Eu s\u00f3 descobri isso depois de feito. Meu trabalho, antes de tudo, sempre esteve ligado mais com o presente e, no caso do \u2018Em Tr\u00e2nsito\u2019, eu levei isso \u00e0s \u00faltimas consequ\u00eancias.<\/p>\n<p>Fizemos um show em janeiro deste ano e ele compreende um n\u00famero \u2018x\u2019 de can\u00e7\u00f5es. Deste show eu pensei v\u00e1rios produtos, tanto no universo f\u00edsico quanto no universo digital. Agora vamos estrear esse show!<\/p>\n<p>&nbsp;<\/p>\n<div id=\"attachment_107148\" style=\"width: 931px\" class=\"wp-caption aligncenter\"><img loading=\"lazy\" decoding=\"async\" aria-describedby=\"caption-attachment-107148\" class=\"wp-image-107148 \" src=\"http:\/\/diarioregionaljf.com.br\/wp-content\/uploads\/2018\/06\/somentesite-1024x684.jpg\" alt=\"\" width=\"921\" height=\"615\" srcset=\"https:\/\/diarioregionaldigital.com.br\/wp-content\/uploads\/2018\/06\/somentesite.jpg 1024w, https:\/\/diarioregionaldigital.com.br\/wp-content\/uploads\/2018\/06\/somentesite-300x200.jpg 300w, https:\/\/diarioregionaldigital.com.br\/wp-content\/uploads\/2018\/06\/somentesite-768x513.jpg 768w, https:\/\/diarioregionaldigital.com.br\/wp-content\/uploads\/2018\/06\/somentesite-360x240.jpg 360w\" sizes=\"auto, (max-width: 921px) 100vw, 921px\" \/><p id=\"caption-attachment-107148\" class=\"wp-caption-text\"><em>Grava\u00e7\u00e3o do DVD &#8216;Em Tr\u00e2nsito&#8217;, no Imperator, Rio de Janeiro. Foto: Rog\u00e9rio von Kr\u00fcger\/Divulga\u00e7\u00e3o<\/em><\/p><\/div>\n<p>&nbsp;<\/p>\n<p><strong>DR:<\/strong>Em entrevista a um programa de tev\u00ea tempos atr\u00e1s, voc\u00ea falou sobre suas experi\u00eancias na casa que dividiu com outros m\u00fasicos nordestinos ao se mudar para o Rio de Janeiro, na qual contavam uns aos outros, em forma de versos, como foi o dia. Gostaria, ent\u00e3o, que comentasse sobre a import\u00e2ncia da literatura em sua obra.<\/p>\n<p><strong>\u00a0<\/strong><\/p>\n<p><strong>LENINE<\/strong>: Bacana voc\u00ea me permitir falar um pouco sobre isso, porque eu tenho essa real percep\u00e7\u00e3o que 50% do meu trabalho s\u00e3o as palavras! E sim, as palavras t\u00eam import\u00e2ncia fundamental. Eu gosto de ler, sou um ser vernacular, gosto muito da palavra, da etimologia da palavra, de onde elas v\u00eam e cada uma das possibilidades que a L\u00edngua Portuguesa adquiriu quando chegou ao Brasil e foi se transformando. Tudo isso \u00e9 a mat\u00e9ria central do que eu fa\u00e7o!<\/p>\n<p>&nbsp;<\/p>\n<p><strong>DR: <\/strong>Voc\u00ea se intitula um cantautor e \u00e9 interessante o fato de que relaciona o termo com a simplicidade, uma vez que o liga aos trovadores do s\u00e9culo XII, que contavam hist\u00f3rias acompanhadas somente de um instrumento. Em \u2018Ch\u00e3o\u2019 (2011) voc\u00ea traz um pouco dessa simplicidade ao explorar sons ambientes nas m\u00fasicas. De que forma isso se reflete em seu trabalho?<\/p>\n<p><strong>\u00a0<\/strong><\/p>\n<p><strong>LENINE: <\/strong>[Al\u00e9m da simplicidade] h\u00e1 uma autoralidade por tr\u00e1s de cada coisa que eu fa\u00e7o. Isso foi uma coisa que, embora eu n\u00e3o tenha procurado, para te ser bem honesto, \u00e9 algo com o qual me deparei com o exerc\u00edcio, fazendo! E essa estirpe de questionamento que tem a ver com o cronista mais do que um cantor. Por isso simpatizo tanto com essa ideia do cantautor, porque tem uma autoralidade que tem a ver com como eu toco, como eu canto, as palavras que eu escolho. \u00c9 o somat\u00f3rio disso tudo que me define!<\/p>\n<p>Mas no \u2018Em Tr\u00e2nsito\u2019, por exemplo, eu pude de alguma maneira exorcizar um pouco isso, porque as minhas m\u00fasicas s\u00e3o sempre muito reconhecidas pelo viol\u00e3o que eu toco e no \u2018Em Tr\u00e2nsito\u2019 eu quis buscar outro caminho. Ent\u00e3o eu optei por mostrar as can\u00e7\u00f5es novas para a banda sem o viol\u00e3o! Isso justamente porque quando eu toco meu viol\u00e3o tem um pouco do ritmo, um pouco do baixo ali, e a\u00ed voc\u00ea, de alguma maneira, induz um certo caminho. Eu queria que isso n\u00e3o induzisse! Essa busca \u00e9 sempre em nome de uma simplicidade, de uma coisa mais direta, mais objetiva.<\/p>\n<p>&nbsp;<\/p>\n<p><strong>DR<\/strong>: Legal ter citado essa quest\u00e3o da banda! Tem m\u00fasicos que te acompanham h\u00e1 muitos anos e voc\u00ea j\u00e1 citou, algumas vezes, que sua assinatura tamb\u00e9m carrega um pouco de cada um deles!<\/p>\n<p>&nbsp;<\/p>\n<p><strong>LENINE<\/strong>: N\u00e3o tenha d\u00favida disso! No caso do \u2018Em Tr\u00e2nsito\u2019 eu pude botar essa luz sobre eles, porque as can\u00e7\u00f5es est\u00e3o aparecendo da primeira vez n\u00e3o com o formato do est\u00fadio, mas com o formato do show, onde eles est\u00e3o infinitamente mais presentes!<\/p>\n<p>&nbsp;<\/p>\n<p><strong>DR: <\/strong>Ali\u00e1s, um dos m\u00fasicos que te acompanha \u00e9 seu filho Bruno Giorgi. Uma das perguntas que gostaria de fazer \u00e9 justamente sobre essa oportunidade de trabalhar com seus filhos, n\u00e3o s\u00f3 com o Bruno, mas tamb\u00e9m com o Jo\u00e3o Cavalcanti, parceiro em \u201cBicho Saudade\u201d (faixa de \u2018Em Tr\u00e2nsito\u2019). Qual a import\u00e2ncia dessas parcerias para voc\u00ea?<\/p>\n<p><strong>\u00a0<\/strong><\/p>\n<p><strong>LENINE: <\/strong>S\u00e3o fundamentais! At\u00e9 porque, vou te ser honesto, \u00e9 demais voc\u00ea ter o filho, a fam\u00edlia sangu\u00ednea [trabalhando junto contigo]. Mas primeiro eu tenho que dizer que eles est\u00e3o por causa da capacidade deles, porque eu sou um cara muito exigente! E preciso dizer tamb\u00e9m que existe a fam\u00edlia que voc\u00ea escolhe e eu s\u00f3 trabalho com familiares! Ent\u00e3o meu n\u00facleo familiar \u00e9 aquilo ali e \u00e9 natural que tenha essa entrega, essa coletividade. Sempre teve.<\/p>\n<p>&nbsp;<\/p>\n<p>&nbsp;<\/p>\n<p><strong>DR: <\/strong>N\u00f3s j\u00e1 falamos sobre a influ\u00eancia da literatura e eu vi que voc\u00ea tem influ\u00eancias musicais que v\u00e3o de \u00c2ngela Maria, passam pela m\u00fasica cl\u00e1ssica, chegando ao Led Zeppelin! Inclusive voc\u00ea tem um trabalho com a Orquestra Martin Fondse e tamb\u00e9m parcerias com artistas latinos, al\u00e9m de refletir a regionalidade em sua m\u00fasica. Como traz essas influ\u00eancias todas para suas composi\u00e7\u00f5es?<\/p>\n<p>&nbsp;<\/p>\n<p><strong>LENINE: <\/strong>Mas a\u00ed tem uma dosagem maior que tudo que \u00e9 uma dosagem mineira! \u00c9 o Clube da Esquina! Eu acho que o Clube da Esquina, na verdade, foi o grande movimento musical que me influenciou, Milton e sua turma. Repare em tudo que fiz, se n\u00e3o tem um pouquinho de congrega\u00e7\u00e3o, de ajuntamento de ideias, que o Clube da Esquina sempre teve. Eu estou impregnado disso!<\/p>\n<p>Mesmo em um projeto como o \u2018Em Tr\u00e2nsito\u2019, se voc\u00ea olha a participa\u00e7\u00e3o do Amaro Freitas numa can\u00e7\u00e3o minha e do Paulo C\u00e9sar Pinheiro chamada \u201cLua Candeia\u201d, \u00e9 \u2018miltoniano\u2019!<\/p>\n<p>Ent\u00e3o, assim, eu tenho muitas influ\u00eancias, mas na verdade eu s\u00f3 reconhe\u00e7o elas e as dosagens delas, depois de feitas [as can\u00e7\u00f5es]. N\u00e3o \u00e9 uma busca para mim! \u00c9 uma coisa de eu me sentir meio esponja de tudo o que est\u00e1 em volta de mim: de alguma maneira eu assimilo e de alguma maneira isso est\u00e1 impregnado e impregnando as can\u00e7\u00f5es que fa\u00e7o.<\/p>\n<p>&nbsp;<\/p>\n<p><strong>DR:<\/strong> Antes de terminarmos, gostaria de saber qual a expectativa para sua volta a Juiz de Fora?<\/p>\n<p><strong>\u00a0<\/strong><\/p>\n<p><strong>LENINE: <\/strong>A expectativa \u00e9 sempre a melhor de todas, porque tem a ver tamb\u00e9m com uma expectativa do filho que eu estou mostrando, filho novo, sabe! A\u00ed tem essa coisa do pai bab\u00e3o! Isso sempre \u00e9 muito bom!<\/p>\n<p>&nbsp;<\/p>\n<hr \/>\n<p><strong>LENINE EM TR\u00c2NSITO<\/strong><\/p>\n<p><strong>Local: <\/strong>Cine-Theatro Central (Pra\u00e7a Jo\u00e3o Pessoa, s\/n, Centro)<\/p>\n<p><strong>Data<\/strong>: 8 de junho de 2018<\/p>\n<p><strong>Hor\u00e1rio<\/strong>: 21h30<\/p>\n<p><strong>Realiza\u00e7\u00e3o<\/strong>: Nomad Produ\u00e7\u00f5es<\/p>\n<p><strong>Classifica\u00e7\u00e3o et\u00e1ria<\/strong>: 18 anos (menores de 18 anos dever\u00e3o estar acompanhados de pai ou m\u00e3e)<\/p>\n","protected":false},"excerpt":{"rendered":"<p>Quando ouvi meu nome sendo dito ao telefone com um sotaque pernambucano aconchegante, confesso que me emocionei! A jornalista ficou a parte por um instante e deu lugar \u00e0 emo\u00e7\u00e3o de uma admiradora! Passado (um pouco!) o nervosismo inicial, tive a oportunidade de conhecer um pouco mais sobre a carreira do cantor Lenine, que chega [&hellip;]<\/p>\n","protected":false},"author":96,"featured_media":107144,"comment_status":"closed","ping_status":"closed","sticky":false,"template":"","format":"standard","meta":{"footnotes":""},"categories":[256,440],"tags":[],"class_list":["post-107140","post","type-post","status-publish","format-standard","has-post-thumbnail","hentry","category-cultura","category-destaques-do-dia"],"_links":{"self":[{"href":"https:\/\/diarioregionaldigital.com.br\/index.php?rest_route=\/wp\/v2\/posts\/107140","targetHints":{"allow":["GET"]}}],"collection":[{"href":"https:\/\/diarioregionaldigital.com.br\/index.php?rest_route=\/wp\/v2\/posts"}],"about":[{"href":"https:\/\/diarioregionaldigital.com.br\/index.php?rest_route=\/wp\/v2\/types\/post"}],"author":[{"embeddable":true,"href":"https:\/\/diarioregionaldigital.com.br\/index.php?rest_route=\/wp\/v2\/users\/96"}],"replies":[{"embeddable":true,"href":"https:\/\/diarioregionaldigital.com.br\/index.php?rest_route=%2Fwp%2Fv2%2Fcomments&post=107140"}],"version-history":[{"count":0,"href":"https:\/\/diarioregionaldigital.com.br\/index.php?rest_route=\/wp\/v2\/posts\/107140\/revisions"}],"wp:featuredmedia":[{"embeddable":true,"href":"https:\/\/diarioregionaldigital.com.br\/index.php?rest_route=\/wp\/v2\/media\/107144"}],"wp:attachment":[{"href":"https:\/\/diarioregionaldigital.com.br\/index.php?rest_route=%2Fwp%2Fv2%2Fmedia&parent=107140"}],"wp:term":[{"taxonomy":"category","embeddable":true,"href":"https:\/\/diarioregionaldigital.com.br\/index.php?rest_route=%2Fwp%2Fv2%2Fcategories&post=107140"},{"taxonomy":"post_tag","embeddable":true,"href":"https:\/\/diarioregionaldigital.com.br\/index.php?rest_route=%2Fwp%2Fv2%2Ftags&post=107140"}],"curies":[{"name":"wp","href":"https:\/\/api.w.org\/{rel}","templated":true}]}}