{"id":107128,"date":"2018-06-07T11:32:04","date_gmt":"2018-06-07T14:32:04","guid":{"rendered":"http:\/\/diarioregionaljf.com.br\/?p=107128"},"modified":"2018-06-07T11:33:07","modified_gmt":"2018-06-07T14:33:07","slug":"dupla-e-detida-com-drogas-que-seriam-entregues-a-detento-do-ceresp","status":"publish","type":"post","link":"https:\/\/diarioregionaldigital.com.br\/?p=107128","title":{"rendered":"Dupla \u00e9 detida com drogas que seriam entregues a detento do Ceresp"},"content":{"rendered":"<p>Uma adolescente de 15 anos e um rapaz de 18 foram detidos por tr\u00e1fico de drogas na noite dessa quarta-feira, 6. Com a menor foram apreendidas quatro barras de maconha, um papelote de coca\u00edna e telefones celulares.<\/p>\n<p>Segundo a Pol\u00edcia Militar (PM), os autores empreenderam fuga durante tentativa de abordagem na Rua Benjamin Constant, regi\u00e3o Central, mas a adolescente foi alcan\u00e7ada. Ela portava uma mochila onde foram encontrados os materiais acima descritos.<\/p>\n<p>A menor relatou que as drogas pertenciam ao jovem de 18 anos, morador do bairro Bela Aurora. Os militares se dirigiram \u00e0 resid\u00eancia da menor e l\u00e1 foram informados de que o rapaz estava no local. Foi realizado cerco nas imedia\u00e7\u00f5es e o autor foi encontrado.<\/p>\n<p>O jovem assumiu a posse dos materiais, relatando que os mesmos seriam destinados a um detento do Centro de Remanejamento do Sistema Prisional (CERESP).<\/p>\n<p>Os autores foram detidos em flagrante e conduzidos, juntamente com os materiais apreendidos, \u00e0 presen\u00e7a da autoridade de pol\u00edcia judici\u00e1ria para as demais provid\u00eancias.<\/p>\n<p>Ainda conforme a PM, durante cerco ao jovem, desconhecidos arremessaram uma pedra que veio a atingir uma das viaturas empenhadas na ocorr\u00eancia. O ve\u00edculo ficou com trincas no para-brisas dianteiro.<\/p>\n<p>&nbsp;<\/p>\n<p><strong><span style=\"font-size: 12pt;\">GRANJAS BET\u00c2NIA<\/span><\/strong><\/p>\n<p>No bairro Granjas Bet\u00e2nia, zona Nordeste da cidade, um homem de 34 anos foi detido enquanto realizava o com\u00e9rcio de drogas na Rua Nove de Julho, na tarde dessa quarta-feira, 6.<\/p>\n<p>De acordo com a PM, o autor tentou fugir ao perceber a aproxima\u00e7\u00e3o da viatura policial, mas foi detido. Em uma sacola que ele carregava foram encontradas 73 pedras de crack, al\u00e9m de seis tabletes e duas buchas de maconha.<\/p>\n<p>O homem foi preso e encaminhado \u00e0 delegacia.<\/p>\n","protected":false},"excerpt":{"rendered":"<p>Uma adolescente de 15 anos e um rapaz de 18 foram detidos por tr\u00e1fico de drogas na noite dessa quarta-feira, 6. Com a menor foram apreendidas quatro barras de maconha, um papelote de coca\u00edna e telefones celulares. Segundo a Pol\u00edcia Militar (PM), os autores empreenderam fuga durante tentativa de abordagem na Rua Benjamin Constant, regi\u00e3o [&hellip;]<\/p>\n","protected":false},"author":96,"featured_media":97342,"comment_status":"closed","ping_status":"closed","sticky":false,"template":"","format":"standard","meta":{"footnotes":""},"categories":[301,439],"tags":[],"class_list":["post-107128","post","type-post","status-publish","format-standard","has-post-thumbnail","hentry","category-artigos-policiais","category-ultima-hora"],"_links":{"self":[{"href":"https:\/\/diarioregionaldigital.com.br\/index.php?rest_route=\/wp\/v2\/posts\/107128","targetHints":{"allow":["GET"]}}],"collection":[{"href":"https:\/\/diarioregionaldigital.com.br\/index.php?rest_route=\/wp\/v2\/posts"}],"about":[{"href":"https:\/\/diarioregionaldigital.com.br\/index.php?rest_route=\/wp\/v2\/types\/post"}],"author":[{"embeddable":true,"href":"https:\/\/diarioregionaldigital.com.br\/index.php?rest_route=\/wp\/v2\/users\/96"}],"replies":[{"embeddable":true,"href":"https:\/\/diarioregionaldigital.com.br\/index.php?rest_route=%2Fwp%2Fv2%2Fcomments&post=107128"}],"version-history":[{"count":0,"href":"https:\/\/diarioregionaldigital.com.br\/index.php?rest_route=\/wp\/v2\/posts\/107128\/revisions"}],"wp:featuredmedia":[{"embeddable":true,"href":"https:\/\/diarioregionaldigital.com.br\/index.php?rest_route=\/wp\/v2\/media\/97342"}],"wp:attachment":[{"href":"https:\/\/diarioregionaldigital.com.br\/index.php?rest_route=%2Fwp%2Fv2%2Fmedia&parent=107128"}],"wp:term":[{"taxonomy":"category","embeddable":true,"href":"https:\/\/diarioregionaldigital.com.br\/index.php?rest_route=%2Fwp%2Fv2%2Fcategories&post=107128"},{"taxonomy":"post_tag","embeddable":true,"href":"https:\/\/diarioregionaldigital.com.br\/index.php?rest_route=%2Fwp%2Fv2%2Ftags&post=107128"}],"curies":[{"name":"wp","href":"https:\/\/api.w.org\/{rel}","templated":true}]}}