{"id":107124,"date":"2018-06-07T11:21:19","date_gmt":"2018-06-07T14:21:19","guid":{"rendered":"http:\/\/diarioregionaljf.com.br\/?p=107124"},"modified":"2018-06-08T12:06:14","modified_gmt":"2018-06-08T15:06:14","slug":"prf-prende-homem-que-transportava-10kg-de-maconha-em-onibus-interestadual","status":"publish","type":"post","link":"https:\/\/diarioregionaldigital.com.br\/?p=107124","title":{"rendered":"PRF prende homem que transportava 10kg de maconha em \u00f4nibus interestadual"},"content":{"rendered":"<p>A Pol\u00edcia Rodovi\u00e1ria Federal (PRF) prendeu, na madrugada desta quinta-feira, 7, um homem de 37 anos que transportava drogas em sua bagagem de viagem, dentro de um \u00f4nibus que realiza a linha S\u00e3o Paulo \u2013 Juiz de Fora.<\/p>\n<p>De acordo com informa\u00e7\u00f5es da PRF, durante fiscaliza\u00e7\u00e3o na altura do KM 306, da BR 116, pr\u00f3ximo ao munic\u00edpio de Resende\/RJ, os agentes da equipe de servi\u00e7o da opera\u00e7\u00e3o \u00c9gide, abordaram o \u00f4nibus e ao realizarem fiscaliza\u00e7\u00e3o aos passageiros perceberam que o passageiro aparentava estar bastante nervoso.<\/p>\n<p>Ao verificar a bagagem no bagageiro inferior do \u00f4nibus, foram encontrados e apreendidos nove tabletes de maconha, pesando aproximadamente 10 Kg.<\/p>\n<p>O indiv\u00edduo informou \u00e0 PRF, que adquiriu o entorpecente na cidade de S\u00e3o Paulo e que receberia R$ 2.000 pelo transporte at\u00e9 a cidade de Vi\u00e7osa\/MG.<\/p>\n<p>Diante dos fatos, o homem foi preso em flagrante delito, pelo crime de tr\u00e1fico de drogas, sendo encaminhado, para a Delegacia de Pol\u00edcia Civil de Resende. Por se tratar de tr\u00e1fico interestadual de entorpecentes, o crime se torna ainda mais grave.<\/p>\n","protected":false},"excerpt":{"rendered":"<p>A Pol\u00edcia Rodovi\u00e1ria Federal (PRF) prendeu, na madrugada desta quinta-feira, 7, um homem de 37 anos que transportava drogas em sua bagagem de viagem, dentro de um \u00f4nibus que realiza a linha S\u00e3o Paulo \u2013 Juiz de Fora. De acordo com informa\u00e7\u00f5es da PRF, durante fiscaliza\u00e7\u00e3o na altura do KM 306, da BR 116, pr\u00f3ximo [&hellip;]<\/p>\n","protected":false},"author":96,"featured_media":107125,"comment_status":"closed","ping_status":"closed","sticky":false,"template":"","format":"standard","meta":{"footnotes":""},"categories":[436,440,252,439],"tags":[],"class_list":["post-107124","post","type-post","status-publish","format-standard","has-post-thumbnail","hentry","category-destaque-da-semana","category-destaques-do-dia","category-regiao","category-ultima-hora"],"_links":{"self":[{"href":"https:\/\/diarioregionaldigital.com.br\/index.php?rest_route=\/wp\/v2\/posts\/107124","targetHints":{"allow":["GET"]}}],"collection":[{"href":"https:\/\/diarioregionaldigital.com.br\/index.php?rest_route=\/wp\/v2\/posts"}],"about":[{"href":"https:\/\/diarioregionaldigital.com.br\/index.php?rest_route=\/wp\/v2\/types\/post"}],"author":[{"embeddable":true,"href":"https:\/\/diarioregionaldigital.com.br\/index.php?rest_route=\/wp\/v2\/users\/96"}],"replies":[{"embeddable":true,"href":"https:\/\/diarioregionaldigital.com.br\/index.php?rest_route=%2Fwp%2Fv2%2Fcomments&post=107124"}],"version-history":[{"count":0,"href":"https:\/\/diarioregionaldigital.com.br\/index.php?rest_route=\/wp\/v2\/posts\/107124\/revisions"}],"wp:featuredmedia":[{"embeddable":true,"href":"https:\/\/diarioregionaldigital.com.br\/index.php?rest_route=\/wp\/v2\/media\/107125"}],"wp:attachment":[{"href":"https:\/\/diarioregionaldigital.com.br\/index.php?rest_route=%2Fwp%2Fv2%2Fmedia&parent=107124"}],"wp:term":[{"taxonomy":"category","embeddable":true,"href":"https:\/\/diarioregionaldigital.com.br\/index.php?rest_route=%2Fwp%2Fv2%2Fcategories&post=107124"},{"taxonomy":"post_tag","embeddable":true,"href":"https:\/\/diarioregionaldigital.com.br\/index.php?rest_route=%2Fwp%2Fv2%2Ftags&post=107124"}],"curies":[{"name":"wp","href":"https:\/\/api.w.org\/{rel}","templated":true}]}}