{"id":107106,"date":"2018-06-07T09:11:04","date_gmt":"2018-06-07T12:11:04","guid":{"rendered":"http:\/\/diarioregionaljf.com.br\/?p=107106"},"modified":"2018-06-07T09:11:36","modified_gmt":"2018-06-07T12:11:36","slug":"mulher-flagra-conversas-com-conteudo-sexual-no-celular-da-filha-de-12-anos","status":"publish","type":"post","link":"https:\/\/diarioregionaldigital.com.br\/?p=107106","title":{"rendered":"Mulher flagra conversas com conte\u00fado sexual no celular da filha de 12 anos"},"content":{"rendered":"<p>Uma mulher de 33 anos encontrou conversas com conte\u00fado sexual no celular da filha de 12 anos. O caso aconteceu na ter\u00e7a-feira, 5, no bairro Santos Dumont, Cidade Alta, e foi registrado na Pol\u00edcia Militar (PM) na noite dessa quarta-feira, 6.<\/p>\n<p>A mulher relatou \u00e0 PM que conte\u00fados pornogr\u00e1ficos, como imagens e v\u00eddeos mostrando \u00f3rg\u00e3os genitais e sexo expl\u00edcito, foram enviados para sua filha em conversas por grupos de um aplicativo de mensagens. Al\u00e9m disso, segunda a m\u00e3e da adolescente, algumas das conversas da menor com participantes de um desses grupos davam a entender que a mesma j\u00e1 havia tido rela\u00e7\u00f5es sexuais.<\/p>\n<p>A mulher afirmou que chegou a suspeitar que a filha estivesse se prostituindo.<\/p>\n<p>Ainda segundo informa\u00e7\u00f5es da Pol\u00edcia, a menor aceitou passar por atendimento m\u00e9dico, mas afirmou que n\u00e3o desejaria voltar para sua casa, por estar cansada de ouvir que s\u00f3 trazia problemas para seus pais.<\/p>\n<p>Mediante tais circunst\u00e2ncias, atentando para a possibilidade da menina estar sofrendo viol\u00eancia ou abuso em seu domic\u00edlio, foi feito contato telef\u00f4nico com a conselheira tutelar que atende \u00e0quela regi\u00e3o. Ap\u00f3s tomar conhecimento dos fatos, a profissional orientou que a adolescente fosse levada para a casa de outro familiar e, caso este n\u00e3o quisesse acolh\u00ea-la, que ela fosse entregue \u00e0 sua m\u00e3e.<\/p>\n<p>A menina foi encaminhada ao Hospital de Pronto Socorro (HPS), onde passou por exames m\u00e9dicos e constatou-se ter havido conjun\u00e7\u00e3o carnal. Ap\u00f3s os procedimentos, a menor foi entregue \u00e0 sua m\u00e3e.<\/p>\n","protected":false},"excerpt":{"rendered":"<p>Uma mulher de 33 anos encontrou conversas com conte\u00fado sexual no celular da filha de 12 anos. O caso aconteceu na ter\u00e7a-feira, 5, no bairro Santos Dumont, Cidade Alta, e foi registrado na Pol\u00edcia Militar (PM) na noite dessa quarta-feira, 6. A mulher relatou \u00e0 PM que conte\u00fados pornogr\u00e1ficos, como imagens e v\u00eddeos mostrando \u00f3rg\u00e3os [&hellip;]<\/p>\n","protected":false},"author":96,"featured_media":95836,"comment_status":"closed","ping_status":"closed","sticky":false,"template":"","format":"standard","meta":{"footnotes":""},"categories":[301,439],"tags":[],"class_list":["post-107106","post","type-post","status-publish","format-standard","has-post-thumbnail","hentry","category-artigos-policiais","category-ultima-hora"],"_links":{"self":[{"href":"https:\/\/diarioregionaldigital.com.br\/index.php?rest_route=\/wp\/v2\/posts\/107106","targetHints":{"allow":["GET"]}}],"collection":[{"href":"https:\/\/diarioregionaldigital.com.br\/index.php?rest_route=\/wp\/v2\/posts"}],"about":[{"href":"https:\/\/diarioregionaldigital.com.br\/index.php?rest_route=\/wp\/v2\/types\/post"}],"author":[{"embeddable":true,"href":"https:\/\/diarioregionaldigital.com.br\/index.php?rest_route=\/wp\/v2\/users\/96"}],"replies":[{"embeddable":true,"href":"https:\/\/diarioregionaldigital.com.br\/index.php?rest_route=%2Fwp%2Fv2%2Fcomments&post=107106"}],"version-history":[{"count":0,"href":"https:\/\/diarioregionaldigital.com.br\/index.php?rest_route=\/wp\/v2\/posts\/107106\/revisions"}],"wp:featuredmedia":[{"embeddable":true,"href":"https:\/\/diarioregionaldigital.com.br\/index.php?rest_route=\/wp\/v2\/media\/95836"}],"wp:attachment":[{"href":"https:\/\/diarioregionaldigital.com.br\/index.php?rest_route=%2Fwp%2Fv2%2Fmedia&parent=107106"}],"wp:term":[{"taxonomy":"category","embeddable":true,"href":"https:\/\/diarioregionaldigital.com.br\/index.php?rest_route=%2Fwp%2Fv2%2Fcategories&post=107106"},{"taxonomy":"post_tag","embeddable":true,"href":"https:\/\/diarioregionaldigital.com.br\/index.php?rest_route=%2Fwp%2Fv2%2Ftags&post=107106"}],"curies":[{"name":"wp","href":"https:\/\/api.w.org\/{rel}","templated":true}]}}