{"id":107103,"date":"2018-06-07T08:35:26","date_gmt":"2018-06-07T11:35:26","guid":{"rendered":"http:\/\/diarioregionaljf.com.br\/?p=107103"},"modified":"2018-06-07T12:15:35","modified_gmt":"2018-06-07T15:15:35","slug":"governo-espera-arrecadar-r32-bilhoes-com-leilao-do-pre-sal","status":"publish","type":"post","link":"https:\/\/diarioregionaldigital.com.br\/?p=107103","title":{"rendered":"Governo espera arrecadar R$3,2 bilh\u00f5es com leil\u00e3o do pr\u00e9-sal"},"content":{"rendered":"<p>O governo espera arrecadar pelo menos R$3,2 bilh\u00f5es com a 4\u00aa rodada de licita\u00e7\u00e3o do pr\u00e9-sal, que ser\u00e1 realizada hoje, 7, pela Ag\u00eancia Nacional de Petr\u00f3leo, G\u00e1s Natural e Biocombust\u00edveis (ANP). O leil\u00e3o ocorrer\u00e1 agora de manh\u00e3, no Rio de Janeiro, e envolve quatro \u00e1reas nas bacias de Campos e Santos.<\/p>\n<p>A estimativa de arrecada\u00e7\u00e3o \u00e9 do Conselho Nacional de Pol\u00edtica Energ\u00e9tica (CNPE) e foi divulgada h\u00e1 dois dias pelo Minist\u00e9rio de Minas e Energia.<\/p>\n<p>Para a rodada, a Petrobras exerceu o direito de prefer\u00eancia em tr\u00eas \u00e1reas: Dois Irm\u00e3os, Tr\u00eas Marias e Uirapuru. H\u00e1 ainda Itaimbezinho. Apesar de a estatal n\u00e3o ser mais obrigada a participar de todos os cons\u00f3rcios de explora\u00e7\u00e3o do pr\u00e9-sal, pode pedir a prefer\u00eancia dos blocos em que tiver interesse.<\/p>\n<p>De acordo com a ANP, 16 empresas est\u00e3o habilitadas a participar deste leil\u00e3o. Entre elas est\u00e3o as maiores do setor de petr\u00f3leo e g\u00e1s no mundo, sendo duas brasileiras. Das habilitadas, duas (DEA Deutsche Erdoel AG e Petronas Carigali SDN BHD) n\u00e3o t\u00eam contratos para explora\u00e7\u00e3o e produ\u00e7\u00e3o de petr\u00f3leo e g\u00e1s natural no Brasil.<\/p>\n<p>Nas 2\u00aa e 3\u00aa rodadas, a Petrobras levou tr\u00eas blocos, em cons\u00f3rcio com parceiras estrangeiras, ao oferecer at\u00e9 80% da produ\u00e7\u00e3o ao governo, quando o m\u00ednimo exigido era de 10,34%. O leil\u00e3o, em outubro do ano passado, garantiu arrecada\u00e7\u00e3o de R$6,15 bilh\u00f5es em b\u00f4nus, vendendo seis dos oito blocos &#8211; o equivalente a 75% de toda a \u00e1rea ofertada.<\/p>\n<p>&nbsp;<\/p>\n<p>Fonte: Ag\u00eancia Brasil<\/p>\n","protected":false},"excerpt":{"rendered":"<p>O governo espera arrecadar pelo menos R$3,2 bilh\u00f5es com a 4\u00aa rodada de licita\u00e7\u00e3o do pr\u00e9-sal, que ser\u00e1 realizada hoje, 7, pela Ag\u00eancia Nacional de Petr\u00f3leo, G\u00e1s Natural e Biocombust\u00edveis (ANP). O leil\u00e3o ocorrer\u00e1 agora de manh\u00e3, no Rio de Janeiro, e envolve quatro \u00e1reas nas bacias de Campos e Santos. A estimativa de arrecada\u00e7\u00e3o [&hellip;]<\/p>\n","protected":false},"author":96,"featured_media":107104,"comment_status":"closed","ping_status":"closed","sticky":false,"template":"","format":"standard","meta":{"footnotes":""},"categories":[261],"tags":[],"class_list":["post-107103","post","type-post","status-publish","format-standard","has-post-thumbnail","hentry","category-economia"],"_links":{"self":[{"href":"https:\/\/diarioregionaldigital.com.br\/index.php?rest_route=\/wp\/v2\/posts\/107103","targetHints":{"allow":["GET"]}}],"collection":[{"href":"https:\/\/diarioregionaldigital.com.br\/index.php?rest_route=\/wp\/v2\/posts"}],"about":[{"href":"https:\/\/diarioregionaldigital.com.br\/index.php?rest_route=\/wp\/v2\/types\/post"}],"author":[{"embeddable":true,"href":"https:\/\/diarioregionaldigital.com.br\/index.php?rest_route=\/wp\/v2\/users\/96"}],"replies":[{"embeddable":true,"href":"https:\/\/diarioregionaldigital.com.br\/index.php?rest_route=%2Fwp%2Fv2%2Fcomments&post=107103"}],"version-history":[{"count":0,"href":"https:\/\/diarioregionaldigital.com.br\/index.php?rest_route=\/wp\/v2\/posts\/107103\/revisions"}],"wp:featuredmedia":[{"embeddable":true,"href":"https:\/\/diarioregionaldigital.com.br\/index.php?rest_route=\/wp\/v2\/media\/107104"}],"wp:attachment":[{"href":"https:\/\/diarioregionaldigital.com.br\/index.php?rest_route=%2Fwp%2Fv2%2Fmedia&parent=107103"}],"wp:term":[{"taxonomy":"category","embeddable":true,"href":"https:\/\/diarioregionaldigital.com.br\/index.php?rest_route=%2Fwp%2Fv2%2Fcategories&post=107103"},{"taxonomy":"post_tag","embeddable":true,"href":"https:\/\/diarioregionaldigital.com.br\/index.php?rest_route=%2Fwp%2Fv2%2Ftags&post=107103"}],"curies":[{"name":"wp","href":"https:\/\/api.w.org\/{rel}","templated":true}]}}