{"id":107099,"date":"2018-06-07T08:00:37","date_gmt":"2018-06-07T11:00:37","guid":{"rendered":"http:\/\/diarioregionaljf.com.br\/?p=107099"},"modified":"2018-06-07T08:00:55","modified_gmt":"2018-06-07T11:00:55","slug":"homem-atira-pedras-contra-pms-e-atinge-viatura-no-bonfim","status":"publish","type":"post","link":"https:\/\/diarioregionaldigital.com.br\/?p=107099","title":{"rendered":"Homem atira pedras contra PMs e atinge viatura no Bonfim"},"content":{"rendered":"<p>Um homem de 30 anos foi preso ap\u00f3s atirar pedras contra policiais militares e atingir uma viatura da Pol\u00edcia Militar (PM) no bairro Bonfim, zona Leste, na tarde dessa quarta-feira, 6.<\/p>\n<p>De acordo com informa\u00e7\u00f5es da PM, uma guarni\u00e7\u00e3o se deslocou at\u00e9 a Rua M\u00facio Vieira para atender a uma ocorr\u00eancia e foi recebida pelo autor com viol\u00eancia e agressividade. O homem arremessou pedras contra os militares e as mesmas acabaram por acertar a viatura policial, causando danos na lateral direita do ve\u00edculo.<\/p>\n<p>O autor foi preso e conduzido a delegacia, ficando \u00e0 disposi\u00e7\u00e3o da autoridade competente para as demais provid\u00eancias.<\/p>\n","protected":false},"excerpt":{"rendered":"<p>Um homem de 30 anos foi preso ap\u00f3s atirar pedras contra policiais militares e atingir uma viatura da Pol\u00edcia Militar (PM) no bairro Bonfim, zona Leste, na tarde dessa quarta-feira, 6. De acordo com informa\u00e7\u00f5es da PM, uma guarni\u00e7\u00e3o se deslocou at\u00e9 a Rua M\u00facio Vieira para atender a uma ocorr\u00eancia e foi recebida pelo [&hellip;]<\/p>\n","protected":false},"author":96,"featured_media":95836,"comment_status":"closed","ping_status":"closed","sticky":false,"template":"","format":"standard","meta":{"footnotes":""},"categories":[301,439],"tags":[],"class_list":["post-107099","post","type-post","status-publish","format-standard","has-post-thumbnail","hentry","category-artigos-policiais","category-ultima-hora"],"_links":{"self":[{"href":"https:\/\/diarioregionaldigital.com.br\/index.php?rest_route=\/wp\/v2\/posts\/107099","targetHints":{"allow":["GET"]}}],"collection":[{"href":"https:\/\/diarioregionaldigital.com.br\/index.php?rest_route=\/wp\/v2\/posts"}],"about":[{"href":"https:\/\/diarioregionaldigital.com.br\/index.php?rest_route=\/wp\/v2\/types\/post"}],"author":[{"embeddable":true,"href":"https:\/\/diarioregionaldigital.com.br\/index.php?rest_route=\/wp\/v2\/users\/96"}],"replies":[{"embeddable":true,"href":"https:\/\/diarioregionaldigital.com.br\/index.php?rest_route=%2Fwp%2Fv2%2Fcomments&post=107099"}],"version-history":[{"count":0,"href":"https:\/\/diarioregionaldigital.com.br\/index.php?rest_route=\/wp\/v2\/posts\/107099\/revisions"}],"wp:featuredmedia":[{"embeddable":true,"href":"https:\/\/diarioregionaldigital.com.br\/index.php?rest_route=\/wp\/v2\/media\/95836"}],"wp:attachment":[{"href":"https:\/\/diarioregionaldigital.com.br\/index.php?rest_route=%2Fwp%2Fv2%2Fmedia&parent=107099"}],"wp:term":[{"taxonomy":"category","embeddable":true,"href":"https:\/\/diarioregionaldigital.com.br\/index.php?rest_route=%2Fwp%2Fv2%2Fcategories&post=107099"},{"taxonomy":"post_tag","embeddable":true,"href":"https:\/\/diarioregionaldigital.com.br\/index.php?rest_route=%2Fwp%2Fv2%2Ftags&post=107099"}],"curies":[{"name":"wp","href":"https:\/\/api.w.org\/{rel}","templated":true}]}}