{"id":107070,"date":"2018-06-06T21:24:32","date_gmt":"2018-06-07T00:24:32","guid":{"rendered":"http:\/\/diarioregionaljf.com.br\/?p=107070"},"modified":"2018-06-06T21:24:32","modified_gmt":"2018-06-07T00:24:32","slug":"pc-apresenta-suspeito-de-agredir-e-ameacar-locutora-de-radio-em-jf","status":"publish","type":"post","link":"https:\/\/diarioregionaldigital.com.br\/?p=107070","title":{"rendered":"PC apresenta suspeito de agredir e amea\u00e7ar locutora de r\u00e1dio em JF"},"content":{"rendered":"<p>Um homem de 60 anos foi preso na tarde dessa quarta-feira, 6, suspeito de ter agredido e amea\u00e7ado uma locutora de uma r\u00e1dio da cidade. A v\u00edtima relatou \u00e0 Pol\u00edcia Civil (PC) que o suspeito come\u00e7ou a lhe perseguir h\u00e1 dois ap\u00f3s fazer uma visita ao seu local de trabalho. \u201cEle disse que era um ouvinte e a admirava. Durante a visita, ela apresentou e mostrou o funcionamento da r\u00e1dio e, desde ent\u00e3o, n\u00e3o teve sossego. Ele a perseguia at\u00e9 em casa e as suas idas ao trabalho\u201d, relatou a delegada Ione Barbosa, respons\u00e1vel pelo caso e titular da Delegacia Especializada de Atendimento \u00e0 Mulher (DEAM).<\/p>\n<p>&nbsp;<\/p>\n<div id=\"attachment_107071\" style=\"width: 730px\" class=\"wp-caption aligncenter\"><img loading=\"lazy\" decoding=\"async\" aria-describedby=\"caption-attachment-107071\" class=\"size-full wp-image-107071\" src=\"http:\/\/diarioregionaljf.com.br\/wp-content\/uploads\/2018\/06\/RAFAELA-FRUTUOSO-USAR-ESSA-3.jpg\" alt=\"\" width=\"720\" height=\"480\" srcset=\"https:\/\/diarioregionaldigital.com.br\/wp-content\/uploads\/2018\/06\/RAFAELA-FRUTUOSO-USAR-ESSA-3.jpg 720w, https:\/\/diarioregionaldigital.com.br\/wp-content\/uploads\/2018\/06\/RAFAELA-FRUTUOSO-USAR-ESSA-3-300x200.jpg 300w, https:\/\/diarioregionaldigital.com.br\/wp-content\/uploads\/2018\/06\/RAFAELA-FRUTUOSO-USAR-ESSA-3-360x240.jpg 360w\" sizes=\"auto, (max-width: 720px) 100vw, 720px\" \/><p id=\"caption-attachment-107071\" class=\"wp-caption-text\"><em>Delegada esclareceu sobre a situa\u00e7\u00e3o de vulnerabilidade que a profissional estava passando. Foto: Rafaela Frutuoso<\/em><\/p><\/div>\n<p>&nbsp;<\/p>\n<p>De acordo com a autoridade policial, a persegui\u00e7\u00e3o era ininterrupta tanto que a mulher precisou se mudar, por\u00e9m ele conseguiu encontrar o novo endere\u00e7o, e j\u00e1 n\u00e3o ia trabalhar a um m\u00eas devido ao medo. \u201cEla s\u00f3 saia de casa se fosse acompanhada, pois ele tentava abord\u00e1-la. Inclusive, s\u00f3 conseguimos efetuar a pris\u00e3o dele porque justo no momento em que ela saia do im\u00f3vel, ele apareceu e t\u00ednhamos uma pessoa de campana no local\u201d, disse a delegada.<\/p>\n<p>&nbsp;<\/p>\n<p><strong>Entenda o caso<\/strong><\/p>\n<p>Ap\u00f3s anos de persegui\u00e7\u00e3o, a locutora procurou a pol\u00edcia no in\u00edcio de janeiro e relatou o caso. \u201cN\u00f3s requeremos a medida protetiva diante da situa\u00e7\u00e3o de vulnerabilidade dela. Infelizmente, n\u00e3o foi deferida porque ela n\u00e3o tinha nenhum tipo de rela\u00e7\u00e3o com ele, como previsto na Lei Maria da Penha\u201d, esclareceu Ione. \u201c\u00c9 uma falha da Lei Maria da Penha, pois ela foi criada justamente para proteger a mulher em situa\u00e7\u00e3o de vulnerabilidade, mas nesse ponto ela peca por n\u00e3o proteger essa vitima\u201d, pontuou.<\/p>\n<p>&nbsp;<\/p>\n<p>Por\u00e9m, no final do m\u00eas de abril, a situa\u00e7\u00e3o piorou. \u201cA v\u00edtima estava em um \u00f4nibus no centro da cidade e ele entrou. Ela esclareceu as coisas e deixou claro que n\u00e3o queria nada com ele. Diante da negativa, o suspeito ficou nervoso e deu um soco no rosto da v\u00edtima\u201d, disse a delegada, acrescentando que o inqu\u00e9rito policial foi instaurado no mesmo m\u00eas da agress\u00e3o.<\/p>\n<div id=\"attachment_107075\" style=\"width: 1034px\" class=\"wp-caption aligncenter\"><img loading=\"lazy\" decoding=\"async\" aria-describedby=\"caption-attachment-107075\" class=\"size-large wp-image-107075\" src=\"http:\/\/diarioregionaljf.com.br\/wp-content\/uploads\/2018\/06\/foto-01-DOUGLAS-RIBEIRO-1-1-1024x768.jpg\" alt=\"\" width=\"1024\" height=\"768\" srcset=\"https:\/\/diarioregionaldigital.com.br\/wp-content\/uploads\/2018\/06\/foto-01-DOUGLAS-RIBEIRO-1-1-1024x768.jpg 1024w, https:\/\/diarioregionaldigital.com.br\/wp-content\/uploads\/2018\/06\/foto-01-DOUGLAS-RIBEIRO-1-1-300x225.jpg 300w, https:\/\/diarioregionaldigital.com.br\/wp-content\/uploads\/2018\/06\/foto-01-DOUGLAS-RIBEIRO-1-1-768x576.jpg 768w, https:\/\/diarioregionaldigital.com.br\/wp-content\/uploads\/2018\/06\/foto-01-DOUGLAS-RIBEIRO-1-1-360x270.jpg 360w, https:\/\/diarioregionaldigital.com.br\/wp-content\/uploads\/2018\/06\/foto-01-DOUGLAS-RIBEIRO-1-1.jpg 1280w\" sizes=\"auto, (max-width: 1024px) 100vw, 1024px\" \/><p id=\"caption-attachment-107075\" class=\"wp-caption-text\"><em>O homem foi preso pr\u00f3ximo a resid\u00eancia da v\u00edtima nessa quarta-feira. Foto: Douglas Ribeiro<\/em><\/p><\/div>\n<p>&nbsp;<\/p>\n<p>\u201cDepois deste fato, o homem ainda agrediu o filho de 15 anos da v\u00edtima. Um dia, ele foi at\u00e9 a r\u00e1dio para busc\u00e1-la, porque ela n\u00e3o andava sozinha por medo, quando encontrou com o suspeito no meio do caminho e ele come\u00e7ou a xingar a m\u00e3e do adolescente e partiu para cima dele. Ela veio \u00e0 delegacia novamente, relatou a situa\u00e7\u00e3o e n\u00e3o vimos outra forma a n\u00e3o ser requerer pela pris\u00e3o preventiva dele, antes que as coisas piorassem\u201d, contou a autoridade policial.<\/p>\n<p>&nbsp;<\/p>\n<p>O filho da locutora n\u00e3o foi o \u00fanico membro da fam\u00edlia dela ser v\u00edtima do homem. \u201cEle tamb\u00e9m perseguiu e amea\u00e7ou a m\u00e3e dela. Ele a seguia para saber onde a filha estava. O suspeito tamb\u00e9m falava que ia matar todos eles. Portanto, ela estava vivendo um momento de terror e temia pela sua integridade f\u00edsica, sem contar o abalo psicol\u00f3gico\u201d, ressaltou Ione.<\/p>\n<p>&nbsp;<\/p>\n<p>De acordo com a delegada, o homem abordava os vizinhos da mulher, oferecia o seu servi\u00e7o como professor de ingl\u00eas para conseguir entrar no pr\u00e9dio. \u201cA s\u00edndica baixou uma portaria, com uma foto dele, dizendo para todos os moradores tomarem cuidado, porque ele tentava entrar no edif\u00edcio sorrateiramente\u201d, falou.<\/p>\n<p>&nbsp;<\/p>\n<p><strong>Obsess\u00e3o <\/strong><\/p>\n<p>Conforme as investiga\u00e7\u00f5es, ele fantasiava que tinha um relacionamento com a locutora. \u201cA filha dele entrou em contato com a v\u00edtima pelo Facebook e disse para ela ter cuidado porque ele fantasiava e dizia a todos que ela era namorada dele\u201d, contou a delegada. \u201cEra uma obsess\u00e3o, uma paix\u00e3o plat\u00f4nica que existia apenas na cabe\u00e7a dele. Ele estava agindo de forma obcecada sendo que ela nunca teve contato profissional e nem amoroso com ele e a deixava vulner\u00e1vel\u201d, completou.<\/p>\n<p>&nbsp;<\/p>\n<p>A delegada tamb\u00e9m contou que este n\u00e3o \u00e9 o primeiro caso envolvendo o homem. \u201cEle perseguia outra mulher em Juiz de Fora. Al\u00e9m disso, possui uma medida protetiva contra ele de outra mulher em um munic\u00edpio de S\u00e3o Paulo e passagem por maus-tratos contra a pr\u00f3pria m\u00e3e dele no estado do Rio de Janeiro\u201d, ressaltou.<\/p>\n<p>&nbsp;<\/p>\n<p>A pris\u00e3o do homem \u00e9 por tempo indeterminado e ele foi encaminhado ao Centro de Remanejamento do Sistema Prisional (Ceresp) de Juiz de Fora. \u201cAs investiga\u00e7\u00f5es prosseguem e, inicialmente, ele vai responder por les\u00e3o corporal e amea\u00e7as em rela\u00e7\u00e3o \u00e0 locutora e o filho e amea\u00e7as em rela\u00e7\u00e3o \u00e0 m\u00e3e dela. Tamb\u00e9m pretendemos ouvir a filha dele para que ela confirme em ju\u00edzo o que disse \u00e0 v\u00edtima\u201d, finalizou.<\/p>\n<p>&nbsp;<\/p>\n<p>&nbsp;<\/p>\n","protected":false},"excerpt":{"rendered":"<p>Um homem de 60 anos foi preso na tarde dessa quarta-feira, 6, suspeito de ter agredido e amea\u00e7ado uma locutora de uma r\u00e1dio da cidade. A v\u00edtima relatou \u00e0 Pol\u00edcia Civil (PC) que o suspeito come\u00e7ou a lhe perseguir h\u00e1 dois ap\u00f3s fazer uma visita ao seu local de trabalho. \u201cEle disse que era um [&hellip;]<\/p>\n","protected":false},"author":96,"featured_media":107072,"comment_status":"closed","ping_status":"closed","sticky":false,"template":"","format":"standard","meta":{"footnotes":""},"categories":[440,439],"tags":[],"class_list":["post-107070","post","type-post","status-publish","format-standard","has-post-thumbnail","hentry","category-destaques-do-dia","category-ultima-hora"],"_links":{"self":[{"href":"https:\/\/diarioregionaldigital.com.br\/index.php?rest_route=\/wp\/v2\/posts\/107070","targetHints":{"allow":["GET"]}}],"collection":[{"href":"https:\/\/diarioregionaldigital.com.br\/index.php?rest_route=\/wp\/v2\/posts"}],"about":[{"href":"https:\/\/diarioregionaldigital.com.br\/index.php?rest_route=\/wp\/v2\/types\/post"}],"author":[{"embeddable":true,"href":"https:\/\/diarioregionaldigital.com.br\/index.php?rest_route=\/wp\/v2\/users\/96"}],"replies":[{"embeddable":true,"href":"https:\/\/diarioregionaldigital.com.br\/index.php?rest_route=%2Fwp%2Fv2%2Fcomments&post=107070"}],"version-history":[{"count":0,"href":"https:\/\/diarioregionaldigital.com.br\/index.php?rest_route=\/wp\/v2\/posts\/107070\/revisions"}],"wp:featuredmedia":[{"embeddable":true,"href":"https:\/\/diarioregionaldigital.com.br\/index.php?rest_route=\/wp\/v2\/media\/107072"}],"wp:attachment":[{"href":"https:\/\/diarioregionaldigital.com.br\/index.php?rest_route=%2Fwp%2Fv2%2Fmedia&parent=107070"}],"wp:term":[{"taxonomy":"category","embeddable":true,"href":"https:\/\/diarioregionaldigital.com.br\/index.php?rest_route=%2Fwp%2Fv2%2Fcategories&post=107070"},{"taxonomy":"post_tag","embeddable":true,"href":"https:\/\/diarioregionaldigital.com.br\/index.php?rest_route=%2Fwp%2Fv2%2Ftags&post=107070"}],"curies":[{"name":"wp","href":"https:\/\/api.w.org\/{rel}","templated":true}]}}