{"id":107020,"date":"2018-06-06T19:11:34","date_gmt":"2018-06-06T22:11:34","guid":{"rendered":"http:\/\/diarioregionaljf.com.br\/?p=107020"},"modified":"2018-06-06T19:12:22","modified_gmt":"2018-06-06T22:12:22","slug":"comissao-de-meio-ambiente-distribui-mudas-de-plantas-em-homenagem-ao-junho-verde","status":"publish","type":"post","link":"https:\/\/diarioregionaldigital.com.br\/?p=107020","title":{"rendered":"Comiss\u00e3o de Meio Ambiente distribui mudas de plantas em homenagem ao Junho Verde"},"content":{"rendered":"<p>Quem passou em frente \u00e0 C\u00e2mara Municipal na tarde dessa quarta-feira, 6, p\u00f4de notar algo diferente: um \u00f4nibus pintado de verde e adesivado com imagens que remetem \u00e0 natureza estava estacionado em frente ao Pal\u00e1cio Barbosa Lima. Este \u00e9 o \u00f4nibus itinerante do Junho Verde, que ir\u00e1 percorrer pela cidade. Al\u00e9m disso, como aconteceu em frente \u00e0 C\u00e2mara, ser\u00e3o distribu\u00eddas mudas de plantas para a popula\u00e7\u00e3o em pontos estrat\u00e9gicos da cidade. A iniciativa \u00e9 da Comiss\u00e3o de Urbanismo, Transporte, Tr\u00e2nsito, Meio Ambiente e Acessibilidade que tem como membros, al\u00e9m do presidente Z\u00e9 M\u00e1rcio Garotinho (PV), os vereadores Bet\u00e3o Lula da Silva (PT) e J\u00falio Obama Jr (PHS).<\/p>\n<p>&nbsp;<\/p>\n<p>O projeto de lei que institui o Junho Verde e dedica o m\u00eas \u00e0 conscientiza\u00e7\u00e3o ambiental \u00e9 de autoria do presidente da comiss\u00e3o. \u201cAs pessoas s\u00e3o muito boas de discurso, falam que s\u00e3o ambientalistas e protegem o meio ambiente, mas na pr\u00e1tica n\u00e3o s\u00e3o assim. O que queremos \u00e9 levar as pessoas a repensarem suas condutas e seus posicionamentos\u201d, explica Z\u00e9 M\u00e1rcio (PV).<\/p>\n<p>&nbsp;<\/p>\n<p>A presen\u00e7a do \u00f4nibus chamou a aten\u00e7\u00e3o das pessoas que passavam na frente do Pal\u00e1cio Barbosa Lima. \u201cPlanta \u00e9 vida. Peguei duas mudas para plantar em casa. N\u00e3o podemos nos esquecer dos problemas ambientais, dos buracos na camada de oz\u00f4nio\u201d, disse a aut\u00f4noma Cl\u00e9ia Silva.<\/p>\n<p>&nbsp;<\/p>\n<div id=\"attachment_107024\" style=\"width: 778px\" class=\"wp-caption aligncenter\"><img loading=\"lazy\" decoding=\"async\" aria-describedby=\"caption-attachment-107024\" class=\"size-large wp-image-107024\" src=\"http:\/\/diarioregionaljf.com.br\/wp-content\/uploads\/2018\/06\/foto-03-1-768x1024.jpg\" alt=\"\" width=\"768\" height=\"1024\" srcset=\"https:\/\/diarioregionaldigital.com.br\/wp-content\/uploads\/2018\/06\/foto-03-1-768x1024.jpg 768w, https:\/\/diarioregionaldigital.com.br\/wp-content\/uploads\/2018\/06\/foto-03-1-225x300.jpg 225w, https:\/\/diarioregionaldigital.com.br\/wp-content\/uploads\/2018\/06\/foto-03-1-360x480.jpg 360w, https:\/\/diarioregionaldigital.com.br\/wp-content\/uploads\/2018\/06\/foto-03-1.jpg 960w\" sizes=\"auto, (max-width: 768px) 100vw, 768px\" \/><p id=\"caption-attachment-107024\" class=\"wp-caption-text\"><em>PL que institui o Junho Verde em JF e dedica o m\u00eas \u00e0 conscientiza\u00e7\u00e3o ambiental \u00e9 de autoria do vereador Z\u00e9 M\u00e1rcio. Foto: Divulga\u00e7\u00e3o<\/em><\/p><\/div>\n<p><strong>Palestra nas escolas<\/strong><\/p>\n<p>&nbsp;<\/p>\n<p>Al\u00e9m do \u00f4nibus itinerante e da distribui\u00e7\u00e3o de mudas, a Comiss\u00e3o de Meio Ambiente, representada por seu presidente, Z\u00e9 M\u00e1rcio Garotinho (PV), tem visitado escolas para conversar com as crian\u00e7as, com o objetivo de conscientiz\u00e1-las sobre a\u00e7\u00f5es simples, como jogar lixo e economizar \u00e1gua, fazem diferen\u00e7a na preserva\u00e7\u00e3o do meio ambiente.<\/p>\n<p>&nbsp;<\/p>\n<p>Na pr\u00f3xima sexta-feira, 8, a Comiss\u00e3o ir\u00e1 visitar as escolas dos bairros Sagrado Cora\u00e7\u00e3o de Jesus, Santo Ant\u00f4nio e Linhares.<\/p>\n<p>&nbsp;<\/p>\n<p>Fonte: Assessoria<\/p>\n<p>&nbsp;<\/p>\n","protected":false},"excerpt":{"rendered":"<p>Quem passou em frente \u00e0 C\u00e2mara Municipal na tarde dessa quarta-feira, 6, p\u00f4de notar algo diferente: um \u00f4nibus pintado de verde e adesivado com imagens que remetem \u00e0 natureza estava estacionado em frente ao Pal\u00e1cio Barbosa Lima. Este \u00e9 o \u00f4nibus itinerante do Junho Verde, que ir\u00e1 percorrer pela cidade. Al\u00e9m disso, como aconteceu em [&hellip;]<\/p>\n","protected":false},"author":96,"featured_media":107027,"comment_status":"closed","ping_status":"closed","sticky":false,"template":"","format":"standard","meta":{"footnotes":""},"categories":[440,254],"tags":[],"class_list":["post-107020","post","type-post","status-publish","format-standard","has-post-thumbnail","hentry","category-destaques-do-dia","category-politica"],"_links":{"self":[{"href":"https:\/\/diarioregionaldigital.com.br\/index.php?rest_route=\/wp\/v2\/posts\/107020","targetHints":{"allow":["GET"]}}],"collection":[{"href":"https:\/\/diarioregionaldigital.com.br\/index.php?rest_route=\/wp\/v2\/posts"}],"about":[{"href":"https:\/\/diarioregionaldigital.com.br\/index.php?rest_route=\/wp\/v2\/types\/post"}],"author":[{"embeddable":true,"href":"https:\/\/diarioregionaldigital.com.br\/index.php?rest_route=\/wp\/v2\/users\/96"}],"replies":[{"embeddable":true,"href":"https:\/\/diarioregionaldigital.com.br\/index.php?rest_route=%2Fwp%2Fv2%2Fcomments&post=107020"}],"version-history":[{"count":0,"href":"https:\/\/diarioregionaldigital.com.br\/index.php?rest_route=\/wp\/v2\/posts\/107020\/revisions"}],"wp:featuredmedia":[{"embeddable":true,"href":"https:\/\/diarioregionaldigital.com.br\/index.php?rest_route=\/wp\/v2\/media\/107027"}],"wp:attachment":[{"href":"https:\/\/diarioregionaldigital.com.br\/index.php?rest_route=%2Fwp%2Fv2%2Fmedia&parent=107020"}],"wp:term":[{"taxonomy":"category","embeddable":true,"href":"https:\/\/diarioregionaldigital.com.br\/index.php?rest_route=%2Fwp%2Fv2%2Fcategories&post=107020"},{"taxonomy":"post_tag","embeddable":true,"href":"https:\/\/diarioregionaldigital.com.br\/index.php?rest_route=%2Fwp%2Fv2%2Ftags&post=107020"}],"curies":[{"name":"wp","href":"https:\/\/api.w.org\/{rel}","templated":true}]}}