{"id":106986,"date":"2018-06-06T13:13:13","date_gmt":"2018-06-06T16:13:13","guid":{"rendered":"http:\/\/diarioregionaljf.com.br\/?p=106986"},"modified":"2018-06-06T13:22:00","modified_gmt":"2018-06-06T16:22:00","slug":"de-163-paises-o-brasil-e-o-106o-no-ranking-da-paz-mundial","status":"publish","type":"post","link":"https:\/\/diarioregionaldigital.com.br\/?p=106986","title":{"rendered":"De 163 pa\u00edses, o Brasil \u00e9 o 106\u00ba no ranking da paz mundial"},"content":{"rendered":"<p>O novo relat\u00f3rio\u00a0<em>Global Peace Index 2018<\/em>(\u00cdndice Global de Paz 2018, em tradu\u00e7\u00e3o livre), publicado hoje (6), avalia a paz em 163 pa\u00edses abrangendo 99,7% da popula\u00e7\u00e3o mundial. O Brasil, que ocupa a 106\u00aa posi\u00e7\u00e3o e sofre com altos \u00edndices de criminalidade e corrup\u00e7\u00e3o, obteve uma leve melhora no ranking em rela\u00e7\u00e3o a 2017, quando estava em 108\u00ba. O mundo hoje tem o pior \u00edndice de paz da \u00faltima d\u00e9cada.<\/p>\n<p>O Brasil, entre os 23 indicadores analisados no documento, obteve os piores resultados em homic\u00eddios, percep\u00e7\u00e3o da criminalidade, acesso \u00e0s armas, crimes violentos e terror pol\u00edtico.<\/p>\n<p>A Am\u00e9rica do Sul registrou a segunda maior taxa de homic\u00eddios entre as regi\u00f5es do globo, ficando atr\u00e1s apenas da Am\u00e9rica Central e do Caribe. No mundo todo, as mortes em conflito aumentaram 264% nos \u00faltimos dez anos.<\/p>\n<p>Pa\u00edses latino-americanos como o Chile e o Uruguai, apresentaram boas coloca\u00e7\u00f5es no ranking, ocupando a 28\u00aa e a 37\u00aa posi\u00e7\u00f5es, respectivamente.<\/p>\n<p>O Brasil ficou a frente apenas da Venezuela (143\u00ba) e da Col\u00f4mbia (145\u00ba), entre os latino-americanos.<\/p>\n<h2>Menos paz<\/h2>\n<p>De maneira geral, o \u00edndice global de paz piorou 0,27% no \u00faltimo ano. Foi o quarto ano consecutivo de pioras, com 92 pa\u00edses apresentando deteriora\u00e7\u00e3o dos n\u00edveis de paz e 71 apresentando melhoras.<\/p>\n<p>Os pa\u00edses menos pac\u00edficos do mundo, atualmente, s\u00e3o a S\u00edria (posi\u00e7\u00e3o que ocupou nos \u00faltimos cinco anos), o Afeganist\u00e3o, Sud\u00e3o do Sul, Iraque e a Som\u00e1lia. Os mais pac\u00edficos s\u00e3o a Isl\u00e2ndia (pa\u00eds mais pac\u00edfico do mundo desde 2008), Nova Zel\u00e2ndia, \u00c1ustria, Portugal e Dinamarca.<\/p>\n<p>A Europa, regi\u00e3o mais pac\u00edfica do mundo, registrou piora pelo terceiro ano consecutivo, principalmente nos indicadores sobre intensidade do conflito interno e rela\u00e7\u00f5es com os pa\u00edses vizinhos. Pela primeira vez na hist\u00f3ria do \u00edndice, que est\u00e1 em sua 12\u00aa edi\u00e7\u00e3o, um pa\u00eds da Europa Ocidental experimentou uma das cinco maiores quedas, com a Espanha caindo sete posi\u00e7\u00f5es no ranking e alcan\u00e7ando a 30\u00aa posi\u00e7\u00e3o, devido a tens\u00f5es pol\u00edticas internas e um aumento do impacto do terrorismo.<\/p>\n<p>De acordo com o relat\u00f3rio, as tens\u00f5es, crises e conflitos que surgiram na \u00faltima d\u00e9cada seguem sem resolu\u00e7\u00f5es, principalmente no Oriente M\u00e9dio, causando um decl\u00ednio gradual nos n\u00edveis de paz.<\/p>\n<p>Produzido pelo Instituto para Economia e Paz (IEP &#8211;\u00a0<em>Institute for Economics and Peace<\/em>), o documento \u00e9 o principal &#8220;medidor&#8221; mundial da paz. Baseado em uma an\u00e1lise abrangente de dados, traz atualiza\u00e7\u00f5es sobre tend\u00eancias da paz global, valores econ\u00f4micos e defini\u00e7\u00f5es de crit\u00e9rios para qualificar sociedades pac\u00edficas.<\/p>\n<p>Os 23 indicadores, qualitativos e quantitativos, medem os n\u00edveis de paz utilizando tr\u00eas dom\u00ednios tem\u00e1ticos: o grau de militariza\u00e7\u00e3o, seguran\u00e7a e conflitos dom\u00e9sticos e internacionais.<\/p>\n<p>O estudo estabelece ainda oito pilares de Paz Positiva (<em>Positive Peace<\/em>, em ingl\u00eas), que constituem as atitudes, institui\u00e7\u00f5es e estruturas que criam e sustentam sociedades pac\u00edficas. Os pilares s\u00e3o o bom funcionamento do governo, a distribui\u00e7\u00e3o equitativa dos recursos, o livre fluxo de informa\u00e7\u00f5es, as boas rela\u00e7\u00f5es com os pa\u00edses vizinhos, os altos \u00edndices de capital humano, a aceita\u00e7\u00e3o dos direitos dos outros cidad\u00e3os, os baixos n\u00edveis de corrup\u00e7\u00e3o e o ambiente de neg\u00f3cios s\u00f3lido.<\/p>\n<h2>Menos aceita\u00e7\u00e3o<\/h2>\n<p>Quanto ao pilar &#8220;aceita\u00e7\u00e3o dos direitos dos outros cidad\u00e3os&#8221;, que avalia o respeito aos direitos humanos, igualdade de g\u00eanero, toler\u00e2ncias entre diferentes grupos e etnias e respeito aos direitos dos trabalhadores, todas as regi\u00f5es do mundo apresentaram piora entre os anos de 2013 e 2016. A Am\u00e9rica do Sul, acompanhando a tend\u00eancia global, tamb\u00e9m apresentou deteriora\u00e7\u00e3o nesse quesito.<\/p>\n<p>Seis das nove regi\u00f5es do mundo apresentaram pioras em seus indicadores no \u00faltimo ano. As quatro regi\u00f5es mais pac\u00edficas (Europa, Am\u00e9rica do Norte, \u00c1sia-Pac\u00edfico e Am\u00e9rica do Sul) sofreram deteriora\u00e7\u00f5es, sendo que a maior queda foi observada na Am\u00e9rica do Sul, devido \u00e0 diminui\u00e7\u00e3o na seguran\u00e7a, ao aumento das taxas de encarceramento e ao impacto do terrorismo.<\/p>\n<p>A Europa e a Am\u00e9rica do Norte tamb\u00e9m ficaram menos pac\u00edficas, com 23 dos 36 pa\u00edses europeus apresentando piora em rela\u00e7\u00e3o ao ano passado. A Fran\u00e7a passou da 51\u00aa para a 61\u00aa posi\u00e7\u00e3o. O Reino Unido passou de 41\u00aa para 57\u00aa, e a Alemanha foi da 16\u00aa para a 17\u00aa posi\u00e7\u00e3o.<\/p>\n<h2>Impacto financeiro<\/h2>\n<p>O impacto econ\u00f4mico da viol\u00eancia no mundo em 2017 foi de US$ 14,76 trilh\u00f5es em paridade de poder de compra (PPP &#8211;\u00a0<em>purchasing power parity<\/em>, em ingl\u00eas). Esse valor \u00e9 equivalente a 12,4% da atividade econ\u00f4mica mundial (produto mundial bruto) ou US$ 1.988 para cada pessoa.<\/p>\n<p>O impacto econ\u00f4mico da viol\u00eancia aumentou 2% durante 2017 devido a conflitos e gastos com seguran\u00e7a interna, com os maiores aumentos sendo registrados na China, R\u00fassia e \u00c1frica do Sul. Desde 2012, o impacto econ\u00f4mico da viol\u00eancia aumentou 16%.<\/p>\n<p>&nbsp;<\/p>\n<p>Fonte: Ag\u00eancia Brasil<\/p>\n","protected":false},"excerpt":{"rendered":"<p>O novo relat\u00f3rio\u00a0Global Peace Index 2018(\u00cdndice Global de Paz 2018, em tradu\u00e7\u00e3o livre), publicado hoje (6), avalia a paz em 163 pa\u00edses abrangendo 99,7% da popula\u00e7\u00e3o mundial. O Brasil, que ocupa a 106\u00aa posi\u00e7\u00e3o e sofre com altos \u00edndices de criminalidade e corrup\u00e7\u00e3o, obteve uma leve melhora no ranking em rela\u00e7\u00e3o a 2017, quando estava [&hellip;]<\/p>\n","protected":false},"author":96,"featured_media":106987,"comment_status":"closed","ping_status":"closed","sticky":false,"template":"","format":"standard","meta":{"footnotes":""},"categories":[302,439],"tags":[],"class_list":["post-106986","post","type-post","status-publish","format-standard","has-post-thumbnail","hentry","category-brasil-mundo","category-ultima-hora"],"_links":{"self":[{"href":"https:\/\/diarioregionaldigital.com.br\/index.php?rest_route=\/wp\/v2\/posts\/106986","targetHints":{"allow":["GET"]}}],"collection":[{"href":"https:\/\/diarioregionaldigital.com.br\/index.php?rest_route=\/wp\/v2\/posts"}],"about":[{"href":"https:\/\/diarioregionaldigital.com.br\/index.php?rest_route=\/wp\/v2\/types\/post"}],"author":[{"embeddable":true,"href":"https:\/\/diarioregionaldigital.com.br\/index.php?rest_route=\/wp\/v2\/users\/96"}],"replies":[{"embeddable":true,"href":"https:\/\/diarioregionaldigital.com.br\/index.php?rest_route=%2Fwp%2Fv2%2Fcomments&post=106986"}],"version-history":[{"count":0,"href":"https:\/\/diarioregionaldigital.com.br\/index.php?rest_route=\/wp\/v2\/posts\/106986\/revisions"}],"wp:featuredmedia":[{"embeddable":true,"href":"https:\/\/diarioregionaldigital.com.br\/index.php?rest_route=\/wp\/v2\/media\/106987"}],"wp:attachment":[{"href":"https:\/\/diarioregionaldigital.com.br\/index.php?rest_route=%2Fwp%2Fv2%2Fmedia&parent=106986"}],"wp:term":[{"taxonomy":"category","embeddable":true,"href":"https:\/\/diarioregionaldigital.com.br\/index.php?rest_route=%2Fwp%2Fv2%2Fcategories&post=106986"},{"taxonomy":"post_tag","embeddable":true,"href":"https:\/\/diarioregionaldigital.com.br\/index.php?rest_route=%2Fwp%2Fv2%2Ftags&post=106986"}],"curies":[{"name":"wp","href":"https:\/\/api.w.org\/{rel}","templated":true}]}}