{"id":106975,"date":"2018-06-06T12:57:37","date_gmt":"2018-06-06T15:57:37","guid":{"rendered":"http:\/\/diarioregionaljf.com.br\/?p=106975"},"modified":"2018-06-06T13:22:30","modified_gmt":"2018-06-06T16:22:30","slug":"estimativa-para-salario-minimo-em-2019-sera-de-r998","status":"publish","type":"post","link":"https:\/\/diarioregionaldigital.com.br\/?p=106975","title":{"rendered":"Estimativa para sal\u00e1rio m\u00ednimo em 2019 ser\u00e1 de R$998"},"content":{"rendered":"<p>A estimativa de proje\u00e7\u00e3o para o sal\u00e1rio m\u00ednimo em 2019,\u00a0proposta em abril, foi reduzida de R$1.002 para R$998. A informa\u00e7\u00e3o consta de nota t\u00e9cnica da Comiss\u00e3o Mista de Or\u00e7amento do Congresso Nacional que analisa o Projeto de Lei de Diretrizes Or\u00e7ament\u00e1ria para 2019.<\/p>\n<p>Por lei, o reajuste do sal\u00e1rio m\u00ednimo \u00e9 feito com base na varia\u00e7\u00e3o do \u00cdndice Nacional de Pre\u00e7os ao Consumidor (IPCA), acumulada em 12 meses, acrescida da varia\u00e7\u00e3o real do Produto Interno Bruto (PIB), soma de todos os bens e servi\u00e7os produzidos no pa\u00eds de dois anos anteriores. Assim, o sal\u00e1rio m\u00ednimo de 2019 deve ser corrigido pelo INPC de 2018 e ter\u00e1 aumento real equivalente \u00e0 taxa de crescimento do PIB em 2017.<\/p>\n<p>Neste ano, o sal\u00e1rio m\u00ednimo est\u00e1 em R$ 954.<\/p>\n<p>Segundo a nota t\u00e9cnica, ao enviar em abril o projeto da LDO ao Congresso, o governo utilizou a estimativa de 3,8% de INPC para 2018, constante no Relat\u00f3rio de Avalia\u00e7\u00e3o de Receitas e Despesas Prim\u00e1rias do 1\u00ba Bimestre e, ainda, a varia\u00e7\u00e3o real do PIB de 1% em 2017. No Relat\u00f3rio de Avalia\u00e7\u00e3o de Receitas e Despesas Prim\u00e1rias do 2\u00ba bimestre de 2018, por sua vez, o governo reduziu a estimativa de INPC para 3,3%.<\/p>\n<p>Al\u00e9m da mudan\u00e7a na estimativa de infla\u00e7\u00e3o, para fazer a nova previs\u00e3o, foi considerado o fato de a corre\u00e7\u00e3o do sal\u00e1rio m\u00ednimo de 2018 ter ficado aqu\u00e9m do INPC anual apurado. Assim, nesse c\u00e1lculo, foi considerado o valor de R$ 956,40 para 2018. Sobre esse valor, foi aplicada a recente estimativa do INPC divulgada pelo Poder Executivo. Com isso, chega-se ao valor aproximado de R$ 998 (R$ 997,84).<\/p>\n<h2>Despesas<\/h2>\n<p>De acordo com a nota t\u00e9cnica, cada R$ 1 de aumento no sal\u00e1rio m\u00ednimo gera despesas de R$ 303,9 milh\u00f5es, sendo R$ 243 milh\u00f5es de gastos previdenci\u00e1rios. Com a nova previs\u00e3o para o sal\u00e1rio m\u00ednimo, o governo deixar\u00e1 de gastar R$ 1,215 bilh\u00e3o.<\/p>\n<p>O aumento previsto de R$ 954,00 para R$ 998,00 acarretar\u00e1 um impacto l\u00edquido de aproximadamente R$ 13,4 bilh\u00f5es nas contas p\u00fablicas, em 2019.<\/p>\n<h2>LDO<\/h2>\n<p>A LDO define os par\u00e2metros e as metas fiscais para a elabora\u00e7\u00e3o do Or\u00e7amento do ano seguinte. Pela legisla\u00e7\u00e3o, o governo deve enviar o projeto at\u00e9 15 de abril de cada ano. Caso o Congresso n\u00e3o consiga aprovar a LDO at\u00e9 o fim do semestre, o projeto passa a trancar a pauta.<\/p>\n<p>&nbsp;<\/p>\n<p>Fonte: Ag\u00eancia Brasil<\/p>\n","protected":false},"excerpt":{"rendered":"<p>A estimativa de proje\u00e7\u00e3o para o sal\u00e1rio m\u00ednimo em 2019,\u00a0proposta em abril, foi reduzida de R$1.002 para R$998. A informa\u00e7\u00e3o consta de nota t\u00e9cnica da Comiss\u00e3o Mista de Or\u00e7amento do Congresso Nacional que analisa o Projeto de Lei de Diretrizes Or\u00e7ament\u00e1ria para 2019. Por lei, o reajuste do sal\u00e1rio m\u00ednimo \u00e9 feito com base na [&hellip;]<\/p>\n","protected":false},"author":96,"featured_media":106976,"comment_status":"closed","ping_status":"closed","sticky":false,"template":"","format":"standard","meta":{"footnotes":""},"categories":[436,261,439],"tags":[],"class_list":["post-106975","post","type-post","status-publish","format-standard","has-post-thumbnail","hentry","category-destaque-da-semana","category-economia","category-ultima-hora"],"_links":{"self":[{"href":"https:\/\/diarioregionaldigital.com.br\/index.php?rest_route=\/wp\/v2\/posts\/106975","targetHints":{"allow":["GET"]}}],"collection":[{"href":"https:\/\/diarioregionaldigital.com.br\/index.php?rest_route=\/wp\/v2\/posts"}],"about":[{"href":"https:\/\/diarioregionaldigital.com.br\/index.php?rest_route=\/wp\/v2\/types\/post"}],"author":[{"embeddable":true,"href":"https:\/\/diarioregionaldigital.com.br\/index.php?rest_route=\/wp\/v2\/users\/96"}],"replies":[{"embeddable":true,"href":"https:\/\/diarioregionaldigital.com.br\/index.php?rest_route=%2Fwp%2Fv2%2Fcomments&post=106975"}],"version-history":[{"count":0,"href":"https:\/\/diarioregionaldigital.com.br\/index.php?rest_route=\/wp\/v2\/posts\/106975\/revisions"}],"wp:featuredmedia":[{"embeddable":true,"href":"https:\/\/diarioregionaldigital.com.br\/index.php?rest_route=\/wp\/v2\/media\/106976"}],"wp:attachment":[{"href":"https:\/\/diarioregionaldigital.com.br\/index.php?rest_route=%2Fwp%2Fv2%2Fmedia&parent=106975"}],"wp:term":[{"taxonomy":"category","embeddable":true,"href":"https:\/\/diarioregionaldigital.com.br\/index.php?rest_route=%2Fwp%2Fv2%2Fcategories&post=106975"},{"taxonomy":"post_tag","embeddable":true,"href":"https:\/\/diarioregionaldigital.com.br\/index.php?rest_route=%2Fwp%2Fv2%2Ftags&post=106975"}],"curies":[{"name":"wp","href":"https:\/\/api.w.org\/{rel}","templated":true}]}}