{"id":106961,"date":"2018-06-06T11:16:00","date_gmt":"2018-06-06T14:16:00","guid":{"rendered":"http:\/\/diarioregionaljf.com.br\/?p=106961"},"modified":"2018-06-06T12:50:04","modified_gmt":"2018-06-06T15:50:04","slug":"policia-civil-investiga-caso-de-mulher-encontrada-com-rosto-queimado","status":"publish","type":"post","link":"https:\/\/diarioregionaldigital.com.br\/?p=106961","title":{"rendered":"Pol\u00edcia Civil investiga caso de mulher encontrada com rosto queimado"},"content":{"rendered":"<p>A Pol\u00edcia Civil (PC) informou que um inqu\u00e9rito policial foi instaurado a fim de investigar o <a href=\"https:\/\/diarioregionaldigital.com.br\/2018\/06\/01\/mulher-e-encontrada-morta-com-o-rosto-queimado-e-sinais-de-violencia\/\">caso da mulher encontrada com o rosto queimado<\/a> no dia 31 de maio no bairro Aeroporto, zona Sul da cidade.<\/p>\n<p>De acordo com a PC, o caso est\u00e1 sob responsabilidade da Delegada Ione Barbosa. Uma equipe de investigadores esteve no local dos fatos para fazer apura\u00e7\u00f5es e material gen\u00e9tico da v\u00edtima foi recolhido no IML e levado para BH para poss\u00edvel identifica\u00e7\u00e3o.<\/p>\n","protected":false},"excerpt":{"rendered":"<p>A Pol\u00edcia Civil (PC) informou que um inqu\u00e9rito policial foi instaurado a fim de investigar o caso da mulher encontrada com o rosto queimado no dia 31 de maio no bairro Aeroporto, zona Sul da cidade. De acordo com a PC, o caso est\u00e1 sob responsabilidade da Delegada Ione Barbosa. Uma equipe de investigadores esteve [&hellip;]<\/p>\n","protected":false},"author":96,"featured_media":98091,"comment_status":"closed","ping_status":"closed","sticky":false,"template":"","format":"standard","meta":{"footnotes":""},"categories":[253,439],"tags":[],"class_list":["post-106961","post","type-post","status-publish","format-standard","has-post-thumbnail","hentry","category-cidade","category-ultima-hora"],"_links":{"self":[{"href":"https:\/\/diarioregionaldigital.com.br\/index.php?rest_route=\/wp\/v2\/posts\/106961","targetHints":{"allow":["GET"]}}],"collection":[{"href":"https:\/\/diarioregionaldigital.com.br\/index.php?rest_route=\/wp\/v2\/posts"}],"about":[{"href":"https:\/\/diarioregionaldigital.com.br\/index.php?rest_route=\/wp\/v2\/types\/post"}],"author":[{"embeddable":true,"href":"https:\/\/diarioregionaldigital.com.br\/index.php?rest_route=\/wp\/v2\/users\/96"}],"replies":[{"embeddable":true,"href":"https:\/\/diarioregionaldigital.com.br\/index.php?rest_route=%2Fwp%2Fv2%2Fcomments&post=106961"}],"version-history":[{"count":0,"href":"https:\/\/diarioregionaldigital.com.br\/index.php?rest_route=\/wp\/v2\/posts\/106961\/revisions"}],"wp:featuredmedia":[{"embeddable":true,"href":"https:\/\/diarioregionaldigital.com.br\/index.php?rest_route=\/wp\/v2\/media\/98091"}],"wp:attachment":[{"href":"https:\/\/diarioregionaldigital.com.br\/index.php?rest_route=%2Fwp%2Fv2%2Fmedia&parent=106961"}],"wp:term":[{"taxonomy":"category","embeddable":true,"href":"https:\/\/diarioregionaldigital.com.br\/index.php?rest_route=%2Fwp%2Fv2%2Fcategories&post=106961"},{"taxonomy":"post_tag","embeddable":true,"href":"https:\/\/diarioregionaldigital.com.br\/index.php?rest_route=%2Fwp%2Fv2%2Ftags&post=106961"}],"curies":[{"name":"wp","href":"https:\/\/api.w.org\/{rel}","templated":true}]}}