{"id":106953,"date":"2018-06-06T11:00:41","date_gmt":"2018-06-06T14:00:41","guid":{"rendered":"http:\/\/diarioregionaljf.com.br\/?p=106953"},"modified":"2018-06-06T11:02:57","modified_gmt":"2018-06-06T14:02:57","slug":"dupla-e-presa-por-assalto-a-coletivo-no-distrito-de-valadares","status":"publish","type":"post","link":"https:\/\/diarioregionaldigital.com.br\/?p=106953","title":{"rendered":"Dupla \u00e9 presa por assalto a coletivo no distrito de Valadares"},"content":{"rendered":"<p>Dois rapazes de 26 anos foram presos pela Pol\u00edcia Militar (PM) ap\u00f3s assaltarem um \u00f4nibus do transporte coletivo no distrito de Valadares, regi\u00e3o Norte da cidade, na noite dessa ter\u00e7a-feira, 5.<\/p>\n<p>De acordo com o registro da ocorr\u00eancia, um dos assaltantes estava armado com uma faca. Os autores roubaram R$40 do caixa do \u00f4nibus e fugiram em rumo ignorado.<\/p>\n<p>A dupla foi localizada e presa ap\u00f3s rastreamento, sendo conduzida a delegacia. A faca usada no crime n\u00e3o foi encontrada.<\/p>\n","protected":false},"excerpt":{"rendered":"<p>Dois rapazes de 26 anos foram presos pela Pol\u00edcia Militar (PM) ap\u00f3s assaltarem um \u00f4nibus do transporte coletivo no distrito de Valadares, regi\u00e3o Norte da cidade, na noite dessa ter\u00e7a-feira, 5. De acordo com o registro da ocorr\u00eancia, um dos assaltantes estava armado com uma faca. Os autores roubaram R$40 do caixa do \u00f4nibus e [&hellip;]<\/p>\n","protected":false},"author":96,"featured_media":95836,"comment_status":"closed","ping_status":"closed","sticky":false,"template":"","format":"standard","meta":{"footnotes":""},"categories":[301,439],"tags":[],"class_list":["post-106953","post","type-post","status-publish","format-standard","has-post-thumbnail","hentry","category-artigos-policiais","category-ultima-hora"],"_links":{"self":[{"href":"https:\/\/diarioregionaldigital.com.br\/index.php?rest_route=\/wp\/v2\/posts\/106953","targetHints":{"allow":["GET"]}}],"collection":[{"href":"https:\/\/diarioregionaldigital.com.br\/index.php?rest_route=\/wp\/v2\/posts"}],"about":[{"href":"https:\/\/diarioregionaldigital.com.br\/index.php?rest_route=\/wp\/v2\/types\/post"}],"author":[{"embeddable":true,"href":"https:\/\/diarioregionaldigital.com.br\/index.php?rest_route=\/wp\/v2\/users\/96"}],"replies":[{"embeddable":true,"href":"https:\/\/diarioregionaldigital.com.br\/index.php?rest_route=%2Fwp%2Fv2%2Fcomments&post=106953"}],"version-history":[{"count":0,"href":"https:\/\/diarioregionaldigital.com.br\/index.php?rest_route=\/wp\/v2\/posts\/106953\/revisions"}],"wp:featuredmedia":[{"embeddable":true,"href":"https:\/\/diarioregionaldigital.com.br\/index.php?rest_route=\/wp\/v2\/media\/95836"}],"wp:attachment":[{"href":"https:\/\/diarioregionaldigital.com.br\/index.php?rest_route=%2Fwp%2Fv2%2Fmedia&parent=106953"}],"wp:term":[{"taxonomy":"category","embeddable":true,"href":"https:\/\/diarioregionaldigital.com.br\/index.php?rest_route=%2Fwp%2Fv2%2Fcategories&post=106953"},{"taxonomy":"post_tag","embeddable":true,"href":"https:\/\/diarioregionaldigital.com.br\/index.php?rest_route=%2Fwp%2Fv2%2Ftags&post=106953"}],"curies":[{"name":"wp","href":"https:\/\/api.w.org\/{rel}","templated":true}]}}