{"id":106949,"date":"2018-06-06T10:22:49","date_gmt":"2018-06-06T13:22:49","guid":{"rendered":"http:\/\/diarioregionaljf.com.br\/?p=106949"},"modified":"2018-06-06T10:23:15","modified_gmt":"2018-06-06T13:23:15","slug":"emater-mg-publica-novo-edital-do-concurso-publico","status":"publish","type":"post","link":"https:\/\/diarioregionaldigital.com.br\/?p=106949","title":{"rendered":"Emater-MG publica novo edital do concurso p\u00fablico"},"content":{"rendered":"<p>O novo edital para concurso p\u00fablico da Empresa de Assist\u00eancia T\u00e9cnica e Extens\u00e3o Rural do Estado de Minas Gerais (Emater-MG) foi publicado nessa ter\u00e7a-feira, 5, no <a href=\"http:\/\/jornal.iof.mg.gov.br\/xmlui\/handle\/123456789\/202032\" target=\"_blank\" rel=\"noopener\">Di\u00e1rio Oficial do Estado<\/a>. O prazo para novas inscri\u00e7\u00f5es \u00e9 de 4 de julho a 10 de agosto de 2018, e as provas est\u00e3o previstas para o dia 23 de setembro de 2018.<\/p>\n<p>Lan\u00e7ado em 2015, o concurso estava suspenso desde abril de 2016 pelo Tribunal de Contas do Estado (TCE) sob a alega\u00e7\u00e3o, especialmente, de inexist\u00eancia de uma lei aprovada pela Assembleia Legislativa do Estado (ALMG), instituindo o Quadro de Pessoal e Vagas da empresa. Desde ent\u00e3o, a Diretoria Executiva da Emater-MG trabalhou incessantemente para resolver todas as quest\u00f5es apontadas pelo TCE.<\/p>\n<p>O esfor\u00e7o culminou na aprova\u00e7\u00e3o pela ALMG, em 19 de dezembro de 2017, do Projeto de Lei 4.851\/2017, de iniciativa do governador Fernando Pimentel, que instituiu o referido Quadro de Pessoal e Vagas. Ap\u00f3s esta etapa, o presidente da Emater-MG, Glenio Martins de Lima Mariano, solicitou ao TCE a libera\u00e7\u00e3o do certame. Em primeiro de fevereiro o Tribunal decidiu favoravelmente, autorizando a empresa a retomar o concurso, mas condicionando o processo \u00e0 republica\u00e7\u00e3o do edital, com todos os ajustes necess\u00e1rios, abertura de prazo para novas inscri\u00e7\u00f5es, al\u00e9m de prazo para devolu\u00e7\u00e3o dos valores de inscri\u00e7\u00e3o para quem desistir do certame.<\/p>\n<p>\u201cGovernos passados tiveram situa\u00e7\u00e3o muito mais favor\u00e1vel para aprovar o Quadro de Pessoal e Vagas, mas, infelizmente, n\u00e3o priorizaram a valoriza\u00e7\u00e3o dos profissionais, nem a estrutura\u00e7\u00e3o da empresa no m\u00e9dio e longo prazos. O passo que damos agora \u00e9 mais que uma conquista para o presente, \u00e9 um legado que deixamos para o futuro. Somos uma das poucas Emateres do pa\u00eds realizando concurso p\u00fablico neste momento cr\u00edtico, de perda de direitos, pelo qual passa o Brasil\u201d, refor\u00e7a o presidente Glenio Martins.<\/p>\n<p>A retomada do concurso foi muito aguardada, n\u00e3o s\u00f3 pelos profissionais que pretendem fazer parte da Emater-MG, mas tamb\u00e9m pelas prefeituras que querem a abertura de novos escrit\u00f3rios da Empresa ou que solicitam a amplia\u00e7\u00e3o dos servi\u00e7os nos munic\u00edpios pelo interior do estado. O \u00faltimo concurso p\u00fablico da Emater-MG foi realizado h\u00e1 mais de 13 anos, em 2005. O processo \u00e9 fundamental para recomposi\u00e7\u00e3o do quadro de profissionais da empresa e, consequentemente, a garantia da assist\u00eancia t\u00e9cnica p\u00fablica, gratuita, continuada e de qualidade prestada, sobretudo, aos agricultores familiares.<\/p>\n<p>&nbsp;<\/p>\n<p><span style=\"font-size: 12pt;\"><strong>\u00a0DETALHES DO CERTAME<\/strong><\/span><\/p>\n<p>Todas as informa\u00e7\u00f5es sobre o concurso podem ser acompanhadas pelo <a href=\"http:\/\/www.emater.mg.gov.br\/\" target=\"_blank\" rel=\"noopener\">site da Emater-MG<\/a> e tamb\u00e9m pelo <a href=\"http:\/\/www.gestaoconcurso.com.br\/concurso\/Default.aspx?v=1.33&amp;f=v3.04\" target=\"_blank\" rel=\"noopener\">site da Funda\u00e7\u00e3o de Apoio e Desenvolvimento da Educa\u00e7\u00e3o, Ci\u00eancia e Tecnologia de Minas Gerais (Fadecit).<\/a><\/p>\n<p>&nbsp;<\/p>\n<p>Fonte: Assessoria Governo de Minas<\/p>\n","protected":false},"excerpt":{"rendered":"<p>O novo edital para concurso p\u00fablico da Empresa de Assist\u00eancia T\u00e9cnica e Extens\u00e3o Rural do Estado de Minas Gerais (Emater-MG) foi publicado nessa ter\u00e7a-feira, 5, no Di\u00e1rio Oficial do Estado. O prazo para novas inscri\u00e7\u00f5es \u00e9 de 4 de julho a 10 de agosto de 2018, e as provas est\u00e3o previstas para o dia 23 [&hellip;]<\/p>\n","protected":false},"author":96,"featured_media":106950,"comment_status":"closed","ping_status":"closed","sticky":false,"template":"","format":"standard","meta":{"footnotes":""},"categories":[280,436],"tags":[],"class_list":["post-106949","post","type-post","status-publish","format-standard","has-post-thumbnail","hentry","category-concurso","category-destaque-da-semana"],"_links":{"self":[{"href":"https:\/\/diarioregionaldigital.com.br\/index.php?rest_route=\/wp\/v2\/posts\/106949","targetHints":{"allow":["GET"]}}],"collection":[{"href":"https:\/\/diarioregionaldigital.com.br\/index.php?rest_route=\/wp\/v2\/posts"}],"about":[{"href":"https:\/\/diarioregionaldigital.com.br\/index.php?rest_route=\/wp\/v2\/types\/post"}],"author":[{"embeddable":true,"href":"https:\/\/diarioregionaldigital.com.br\/index.php?rest_route=\/wp\/v2\/users\/96"}],"replies":[{"embeddable":true,"href":"https:\/\/diarioregionaldigital.com.br\/index.php?rest_route=%2Fwp%2Fv2%2Fcomments&post=106949"}],"version-history":[{"count":0,"href":"https:\/\/diarioregionaldigital.com.br\/index.php?rest_route=\/wp\/v2\/posts\/106949\/revisions"}],"wp:featuredmedia":[{"embeddable":true,"href":"https:\/\/diarioregionaldigital.com.br\/index.php?rest_route=\/wp\/v2\/media\/106950"}],"wp:attachment":[{"href":"https:\/\/diarioregionaldigital.com.br\/index.php?rest_route=%2Fwp%2Fv2%2Fmedia&parent=106949"}],"wp:term":[{"taxonomy":"category","embeddable":true,"href":"https:\/\/diarioregionaldigital.com.br\/index.php?rest_route=%2Fwp%2Fv2%2Fcategories&post=106949"},{"taxonomy":"post_tag","embeddable":true,"href":"https:\/\/diarioregionaldigital.com.br\/index.php?rest_route=%2Fwp%2Fv2%2Ftags&post=106949"}],"curies":[{"name":"wp","href":"https:\/\/api.w.org\/{rel}","templated":true}]}}