{"id":106948,"date":"2018-06-06T10:30:09","date_gmt":"2018-06-06T13:30:09","guid":{"rendered":"http:\/\/diarioregionaljf.com.br\/?p=106948"},"modified":"2018-06-06T12:50:58","modified_gmt":"2018-06-06T15:50:58","slug":"corpo-de-bombeiros-faz-vistoria-em-postos-de-combustiveis-de-jf","status":"publish","type":"post","link":"https:\/\/diarioregionaldigital.com.br\/?p=106948","title":{"rendered":"Corpo de Bombeiros faz vistoria em postos de combust\u00edveis de JF"},"content":{"rendered":"<p>Ocorreu na manh\u00e3 desta quarta-feira, 6, a Opera\u00e7\u00e3o Alerta Vermelho em todo o estado de Minas Gerais nas cidades que possuem Unidades do Corpo de Bombeiros.<\/p>\n<p>Com foco na a\u00e7\u00f5es de Defesa Civil, fase de preven\u00e7\u00e3o, a Opera\u00e7\u00e3o Alerta Vermelho teve como objetivo vistoriar os postos de combist\u00edveis na regi\u00e3o e orientar os donos e respons\u00e1veis quanto \u00e0 utiliza\u00e7\u00e3o das medidas de Seguran\u00e7a Contra Inc\u00eandio e P\u00e2nico existentes nos estabelecimentos e aos procedimentos para sua regulariza\u00e7\u00e3o, licenciamento e renova\u00e7\u00e3o do Auto de Vistoria do Corpo de Bombeiros \u2013 AVCB.<\/p>\n<p>Simultaneamente, a Opera\u00e7\u00e3o ocorreu em Juiz de Fora, Ub\u00e1, Leopoldina, Vi\u00e7osa e Muria\u00e9 e foram empenhados 51 bombeiros militares e 21 viaturas. Foram um total de 125 estabelecimentos vistoriados, dentre eles, aproximadamente, 90% est\u00e3o regulares e apresentaram o AVCB.<\/p>\n<p>Na cidade de Juiz de Fora foram empenhados 28 militares que vistoriaram 70 estabelecimentos. Dentre eles, 80% est\u00e3o em situa\u00e7\u00e3o regular e possuem o AVCB. Os irregulares est\u00e3o com o AVCB vencido e foram orientados a renova-lo, ou j\u00e1 est\u00e3o em processo de libera\u00e7\u00e3o na Companhia de Preven\u00e7\u00e3o e Vistoria do 4\u00b0 BBM.<\/p>\n<p>A Opera\u00e7\u00e3o foi comandanda pelo Comandante do Quarto Batalh\u00e3o de Bombeiros Militar, Tenente-coronel Emerson Ramalho dos Santos.<\/p>\n<p>Estima-se que o Alerta Vermelho fa\u00e7a crescer a procura para a regulariza\u00e7\u00e3o e licenciamento de edifica\u00e7\u00f5es em Juiz de Fora e regi\u00e3o, diminuindo os riscos de inc\u00eandios nos estabelecimentos por meio da utiliza\u00e7\u00e3o de equipamentos de prote\u00e7\u00e3o contra inc\u00eandio e p\u00e2nico.<\/p>\n<p>&nbsp;<\/p>\n<p>Fonte: Assessoria<\/p>\n","protected":false},"excerpt":{"rendered":"<p>Ocorreu na manh\u00e3 desta quarta-feira, 6, a Opera\u00e7\u00e3o Alerta Vermelho em todo o estado de Minas Gerais nas cidades que possuem Unidades do Corpo de Bombeiros. Com foco na a\u00e7\u00f5es de Defesa Civil, fase de preven\u00e7\u00e3o, a Opera\u00e7\u00e3o Alerta Vermelho teve como objetivo vistoriar os postos de combist\u00edveis na regi\u00e3o e orientar os donos e [&hellip;]<\/p>\n","protected":false},"author":96,"featured_media":106954,"comment_status":"closed","ping_status":"closed","sticky":false,"template":"","format":"standard","meta":{"footnotes":""},"categories":[253,436,440,439],"tags":[],"class_list":["post-106948","post","type-post","status-publish","format-standard","has-post-thumbnail","hentry","category-cidade","category-destaque-da-semana","category-destaques-do-dia","category-ultima-hora"],"_links":{"self":[{"href":"https:\/\/diarioregionaldigital.com.br\/index.php?rest_route=\/wp\/v2\/posts\/106948","targetHints":{"allow":["GET"]}}],"collection":[{"href":"https:\/\/diarioregionaldigital.com.br\/index.php?rest_route=\/wp\/v2\/posts"}],"about":[{"href":"https:\/\/diarioregionaldigital.com.br\/index.php?rest_route=\/wp\/v2\/types\/post"}],"author":[{"embeddable":true,"href":"https:\/\/diarioregionaldigital.com.br\/index.php?rest_route=\/wp\/v2\/users\/96"}],"replies":[{"embeddable":true,"href":"https:\/\/diarioregionaldigital.com.br\/index.php?rest_route=%2Fwp%2Fv2%2Fcomments&post=106948"}],"version-history":[{"count":0,"href":"https:\/\/diarioregionaldigital.com.br\/index.php?rest_route=\/wp\/v2\/posts\/106948\/revisions"}],"wp:featuredmedia":[{"embeddable":true,"href":"https:\/\/diarioregionaldigital.com.br\/index.php?rest_route=\/wp\/v2\/media\/106954"}],"wp:attachment":[{"href":"https:\/\/diarioregionaldigital.com.br\/index.php?rest_route=%2Fwp%2Fv2%2Fmedia&parent=106948"}],"wp:term":[{"taxonomy":"category","embeddable":true,"href":"https:\/\/diarioregionaldigital.com.br\/index.php?rest_route=%2Fwp%2Fv2%2Fcategories&post=106948"},{"taxonomy":"post_tag","embeddable":true,"href":"https:\/\/diarioregionaldigital.com.br\/index.php?rest_route=%2Fwp%2Fv2%2Ftags&post=106948"}],"curies":[{"name":"wp","href":"https:\/\/api.w.org\/{rel}","templated":true}]}}