{"id":106941,"date":"2018-06-06T09:46:13","date_gmt":"2018-06-06T12:46:13","guid":{"rendered":"http:\/\/diarioregionaljf.com.br\/?p=106941"},"modified":"2018-06-06T09:50:41","modified_gmt":"2018-06-06T12:50:41","slug":"camara-aprova-proibicao-de-casamento-de-menores-de-16-anos","status":"publish","type":"post","link":"https:\/\/diarioregionaldigital.com.br\/?p=106941","title":{"rendered":"C\u00e2mara aprova proibi\u00e7\u00e3o de casamento de menores de 16 anos"},"content":{"rendered":"<p>O plen\u00e1rio da C\u00e2mara\u00a0aprovou na noite de hoje, 5, em vota\u00e7\u00e3o simb\u00f3lica, o Projeto de Lei\u00a07119\/17, que pro\u00edbe o casamento de menores de 16 anos. Atualmente, o C\u00f3digo Civil permite o casamento em caso de gravidez. A mat\u00e9ria ser\u00e1 agora analisada pelo\u00a0Senado.<\/p>\n<p>De acordo com a autora do projeto, deputada Laura Carneiro (DEM-RJ), um estudo do Organiza\u00e7\u00e3o N\u00e3o Governamental Promundo aponta que 877 mil mulheres brasileiras se casaram com at\u00e9 15 anos de idade e, atualmente, existiriam cerca de 88 mil meninos e meninas com idades entre 10 e 14 anos\u00a0em uni\u00f5es consensuais, civis ou religiosas no Brasil.<\/p>\n<p>\u201cCumpre notar que se trata de legisla\u00e7\u00e3o incompat\u00edvel com os avan\u00e7os da ci\u00eancia e das pol\u00edticas p\u00fablicas, que j\u00e1 demonstraram, respectivamente, os preju\u00edzos psicol\u00f3gicos e sociais deste tipo de uni\u00e3o, incompat\u00edvel com o n\u00edvel de desenvolvimento psicossocial de crian\u00e7as. Cumpre notar, ainda, que se trata de pol\u00edtica discriminat\u00f3ria, uma vez que incide de modos distintos sobre meninos e meninas\u201d, justificou Laura Carneiro.<\/p>\n<p>O C\u00f3digo Civil autoriza ainda, no artigo 1517, o casamento de pessoas de 16 ou 17 anos mediante autoriza\u00e7\u00e3o dos pais. A partir dos 18 anos, n\u00e3o h\u00e1 restri\u00e7\u00f5es.<\/p>\n<p>Fonte: Ag\u00eancia Brasil<\/p>\n","protected":false},"excerpt":{"rendered":"<p>O plen\u00e1rio da C\u00e2mara\u00a0aprovou na noite de hoje, 5, em vota\u00e7\u00e3o simb\u00f3lica, o Projeto de Lei\u00a07119\/17, que pro\u00edbe o casamento de menores de 16 anos. Atualmente, o C\u00f3digo Civil permite o casamento em caso de gravidez. A mat\u00e9ria ser\u00e1 agora analisada pelo\u00a0Senado. De acordo com a autora do projeto, deputada Laura Carneiro (DEM-RJ), um estudo [&hellip;]<\/p>\n","protected":false},"author":96,"featured_media":97343,"comment_status":"closed","ping_status":"closed","sticky":false,"template":"","format":"standard","meta":{"footnotes":""},"categories":[254,439],"tags":[],"class_list":["post-106941","post","type-post","status-publish","format-standard","has-post-thumbnail","hentry","category-politica","category-ultima-hora"],"_links":{"self":[{"href":"https:\/\/diarioregionaldigital.com.br\/index.php?rest_route=\/wp\/v2\/posts\/106941","targetHints":{"allow":["GET"]}}],"collection":[{"href":"https:\/\/diarioregionaldigital.com.br\/index.php?rest_route=\/wp\/v2\/posts"}],"about":[{"href":"https:\/\/diarioregionaldigital.com.br\/index.php?rest_route=\/wp\/v2\/types\/post"}],"author":[{"embeddable":true,"href":"https:\/\/diarioregionaldigital.com.br\/index.php?rest_route=\/wp\/v2\/users\/96"}],"replies":[{"embeddable":true,"href":"https:\/\/diarioregionaldigital.com.br\/index.php?rest_route=%2Fwp%2Fv2%2Fcomments&post=106941"}],"version-history":[{"count":0,"href":"https:\/\/diarioregionaldigital.com.br\/index.php?rest_route=\/wp\/v2\/posts\/106941\/revisions"}],"wp:featuredmedia":[{"embeddable":true,"href":"https:\/\/diarioregionaldigital.com.br\/index.php?rest_route=\/wp\/v2\/media\/97343"}],"wp:attachment":[{"href":"https:\/\/diarioregionaldigital.com.br\/index.php?rest_route=%2Fwp%2Fv2%2Fmedia&parent=106941"}],"wp:term":[{"taxonomy":"category","embeddable":true,"href":"https:\/\/diarioregionaldigital.com.br\/index.php?rest_route=%2Fwp%2Fv2%2Fcategories&post=106941"},{"taxonomy":"post_tag","embeddable":true,"href":"https:\/\/diarioregionaldigital.com.br\/index.php?rest_route=%2Fwp%2Fv2%2Ftags&post=106941"}],"curies":[{"name":"wp","href":"https:\/\/api.w.org\/{rel}","templated":true}]}}