{"id":106937,"date":"2018-06-06T09:39:15","date_gmt":"2018-06-06T12:39:15","guid":{"rendered":"http:\/\/diarioregionaljf.com.br\/?p=106937"},"modified":"2018-06-06T09:50:49","modified_gmt":"2018-06-06T12:50:49","slug":"camara-aprova-licenca-paternidade-para-avos","status":"publish","type":"post","link":"https:\/\/diarioregionaldigital.com.br\/?p=106937","title":{"rendered":"C\u00e2mara aprova licen\u00e7a-paternidade para av\u00f3s"},"content":{"rendered":"<p>A C\u00e2mara dos Deputados aprovou nesta ter\u00e7a-feira, 5, o projeto de lei que permite \u00e0 av\u00f3 ou ao av\u00f4 maternos usufruir da licen\u00e7a paternidade quando o nome do pai n\u00e3o for declarado no registro da crian\u00e7a. A mat\u00e9ria segue para tramita\u00e7\u00e3o no Senado.<\/p>\n<p>O PL estabelece que o direito de licen\u00e7a ser\u00e1 usufru\u00eddo, no per\u00edodo seguinte ao parto, apenas pelo av\u00f4 ou av\u00f3 que for declarado acompanhante da mulher que acabou de dar \u00e0 luz. Pelo texto, o acompanhante poder\u00e1 se ausentar do trabalho por cinco dias, sem preju\u00edzo do sal\u00e1rio.<\/p>\n<p>\u201cA medida busca assegurar que a parturiente tenha algu\u00e9m para acompanhar e auxiliar no per\u00edodo seguinte ao parto, momento de not\u00f3rias dificuldades enfrentadas pela mulher com sua pr\u00f3pria sa\u00fade e com o cuidado ao beb\u00ea\u201d, justificou o deputado Lucas Vergilio (SD-GO), autor da proposta.<\/p>\n<p>O texto incorporou o Projeto de Lei 7674\/17, que inclui a concess\u00e3o de um dia de dispensa por m\u00eas para a trabalhadora que doar leite materno. Essas folgas poder\u00e3o ser usufru\u00eddas ap\u00f3s o t\u00e9rmino da licen\u00e7a maternidade, cumulativamente, se a doadora fizer as doa\u00e7\u00f5es durante essa licen\u00e7a. Para ter o direito \u00e0 dispensa, a doa\u00e7\u00e3o precisa ser atestada por banco oficial de leite.<\/p>\n<p>Fonte: Ag\u00eancia Brasil<\/p>\n<p>&nbsp;<\/p>\n","protected":false},"excerpt":{"rendered":"<p>A C\u00e2mara dos Deputados aprovou nesta ter\u00e7a-feira, 5, o projeto de lei que permite \u00e0 av\u00f3 ou ao av\u00f4 maternos usufruir da licen\u00e7a paternidade quando o nome do pai n\u00e3o for declarado no registro da crian\u00e7a. A mat\u00e9ria segue para tramita\u00e7\u00e3o no Senado. O PL estabelece que o direito de licen\u00e7a ser\u00e1 usufru\u00eddo, no per\u00edodo [&hellip;]<\/p>\n","protected":false},"author":96,"featured_media":106939,"comment_status":"closed","ping_status":"closed","sticky":false,"template":"","format":"standard","meta":{"footnotes":""},"categories":[254,439],"tags":[],"class_list":["post-106937","post","type-post","status-publish","format-standard","has-post-thumbnail","hentry","category-politica","category-ultima-hora"],"_links":{"self":[{"href":"https:\/\/diarioregionaldigital.com.br\/index.php?rest_route=\/wp\/v2\/posts\/106937","targetHints":{"allow":["GET"]}}],"collection":[{"href":"https:\/\/diarioregionaldigital.com.br\/index.php?rest_route=\/wp\/v2\/posts"}],"about":[{"href":"https:\/\/diarioregionaldigital.com.br\/index.php?rest_route=\/wp\/v2\/types\/post"}],"author":[{"embeddable":true,"href":"https:\/\/diarioregionaldigital.com.br\/index.php?rest_route=\/wp\/v2\/users\/96"}],"replies":[{"embeddable":true,"href":"https:\/\/diarioregionaldigital.com.br\/index.php?rest_route=%2Fwp%2Fv2%2Fcomments&post=106937"}],"version-history":[{"count":0,"href":"https:\/\/diarioregionaldigital.com.br\/index.php?rest_route=\/wp\/v2\/posts\/106937\/revisions"}],"wp:featuredmedia":[{"embeddable":true,"href":"https:\/\/diarioregionaldigital.com.br\/index.php?rest_route=\/wp\/v2\/media\/106939"}],"wp:attachment":[{"href":"https:\/\/diarioregionaldigital.com.br\/index.php?rest_route=%2Fwp%2Fv2%2Fmedia&parent=106937"}],"wp:term":[{"taxonomy":"category","embeddable":true,"href":"https:\/\/diarioregionaldigital.com.br\/index.php?rest_route=%2Fwp%2Fv2%2Fcategories&post=106937"},{"taxonomy":"post_tag","embeddable":true,"href":"https:\/\/diarioregionaldigital.com.br\/index.php?rest_route=%2Fwp%2Fv2%2Ftags&post=106937"}],"curies":[{"name":"wp","href":"https:\/\/api.w.org\/{rel}","templated":true}]}}