{"id":106933,"date":"2018-06-06T09:45:20","date_gmt":"2018-06-06T12:45:20","guid":{"rendered":"http:\/\/diarioregionaljf.com.br\/?p=106933"},"modified":"2018-06-06T09:45:40","modified_gmt":"2018-06-06T12:45:40","slug":"lancada-a-plataforma-de-bioquerosene-e-renovaveis-da-zona-da-mata","status":"publish","type":"post","link":"https:\/\/diarioregionaldigital.com.br\/?p=106933","title":{"rendered":"Lan\u00e7ada a \u201cPlataforma de Bioquerosene e Renov\u00e1veis da Zona da Mata\u201d"},"content":{"rendered":"<p>\u00d3rg\u00e3os dos governos municipal e estadual, universidades, centros de pesquisas e empresas nacionais e internacionais ligadas ao setor de transportes, al\u00e9m da embaixada brit\u00e2nica no Brasil, confirmaram apoio \u00e0 \u201cPlataforma de Bioquerosene e Renov\u00e1veis da Zona da Mata\u201d, com a assinatura do \u201cMemorando de Entendimento\u201d (MOU), em cerim\u00f4nia no Premier Parc Hotel, na manh\u00e3 dessa ter\u00e7a-feira, 5, data em que se comemora o \u201cDia Mundial do Meio Ambiente\u201d.<\/p>\n<p>O prefeito Ant\u00f4nio Almas abriu o evento, falando do protagonismo de Juiz de Fora e regi\u00e3o, quando, no s\u00e9culo 19, o empreendedor Bernardo Mascarenhas, buscando alternativas para suas ind\u00fastrias, marcou a hist\u00f3ria da cidade com a inova\u00e7\u00e3o da matriz energ\u00e9tica, at\u00e9 ent\u00e3o dominada pelo querosene, produzindo energia mais limpa, com a Hidrel\u00e9trica de Marmelos: \u201cHoje, aqui estamos, motivados por quest\u00f5es econ\u00f4micas e ambientais, buscando alternativas energ\u00e9ticas que sejam promotoras do nosso desenvolvimento\u201d.<br \/>\nA iniciativa pretende fazer da Zona da Mata a primeira regi\u00e3o do Brasil a desenvolver cadeia integrada de produ\u00e7\u00e3o de diesel verde e bioquerosene, direcionada ao transporte a\u00e9reo, ferrovi\u00e1rio e rodovi\u00e1rio pesado, com utiliza\u00e7\u00e3o de fra\u00e7\u00e3o de lixo urbano, lodo org\u00e2nico e de \u00f3leos vegetais extra\u00eddos de esp\u00e9cies nativas da Mata Atl\u00e2ntica, como \u00e9 o caso da \u201cmaca\u00faba\u201d. \u201cPara isso, favorece a sinergia de a\u00e7\u00f5es municipais, que extrapolam as a\u00e7\u00f5es da Prefeitura de Juiz de Fora\u201d (PJF), lembrou o secret\u00e1rio de Desenvolvimento Econ\u00f4mico, Trabalho e Turismo, R\u00f4mulo Veiga.<\/p>\n<p>Entre as a\u00e7\u00f5es, ele pontuou o \u201cPrograma Produtor de \u00c1guas\u201d (PPA) e o \u201cPagamento por Servi\u00e7os Ambientais\u201d (PSA); a despolui\u00e7\u00e3o do Rio Paraibuna; a exist\u00eancia de mercado consumidor, formado pelo centro log\u00edstico multimodal de Juiz de Fora (aeroportos, ferrovia, rodovia); e a exist\u00eancia de importantes centros educacionais, que permitir\u00e3o a transfer\u00eancia de conhecimento para a produ\u00e7\u00e3o tecnol\u00f3gica.<\/p>\n<p>Signat\u00e1rio do MOU, o c\u00f4nsul-geral do Reino Unido no Brasil, Simon Wood, elogiou a iniciativa, e falou sobre fundos de investimento brit\u00e2nico em energia limpa, que podem ser utilizados para financiar a\u00e7\u00f5es consideradas na plataforma: \u201cEstou muito feliz em confirmar o apoio do Reino Unido \u00e0 \u2018Plataforma de Juiz de Fora e Regi\u00e3o\u2019, e anseio trabalhar com voc\u00eas nesta iniciativa, que deixa a regi\u00e3o mais pr\u00f3xima de produzir biocombust\u00edveis\u201d.<\/p>\n<p>O diretor de biocombust\u00edveis de avia\u00e7\u00e3o Uni\u00e3o Brasileira do Biodiesel e Bioquerosene (Ubrabio), Pedro Scorza, destacou o comprometimento da ind\u00fastria de avia\u00e7\u00e3o com a mudan\u00e7a da matriz de combust\u00edveis do setor, respons\u00e1vel, hoje, por dois por cento das emiss\u00f5es totais de gases de efeito estufa (GEE): \u201cO apoio \u00e0 \u2018Plataforma da Zona da Mata\u2019 \u00e9 exemplo do que estamos fazendo hoje em v\u00e1rias regi\u00f5es do Brasil, apoiando a\u00e7\u00f5es que contribuam para a substitui\u00e7\u00e3o do combust\u00edvel f\u00f3ssil pelo renov\u00e1vel\u201d.<\/p>\n<p>Plantio simb\u00f3lico de maca\u00faba no Parque da Lajinha marcou o lan\u00e7amento da \u2018Plataforma\u2019, seguido pela visita dos signat\u00e1rios \u00e0 Olaria, onde projeto pioneiro de cultivo da palmeira, sob orienta\u00e7\u00e3o da Universidade Federal de Vi\u00e7osa (UFV), existe desde 2010. \u201cA visita permite ver de perto o ganho ambiental que foi garantido nessa propriedade, em que houve a\u00e7\u00e3o de florestamento a partir da maca\u00faba, ao mesmo tempo da demonstra\u00e7\u00e3o de unidade t\u00e9cnica que, esperamos, seja aplicada em outros munic\u00edpios da regi\u00e3o\u201d, explicou o coordenador de projetos da Sedettur, Jackson Moreira.<\/p>\n<p>O projeto da \u201cPlataforma de Bioquerosene e Renov\u00e1veis da Zona da Mata\u201d conta com trabalho de pesquisa e extens\u00e3o das universidades federais de Juiz de Fora (UFJF), Vi\u00e7osa (UFV) e Lavras (Ufla) e Instituto Federal de Educa\u00e7\u00e3o, Ci\u00eancia e Tecnologia do Sudeste (IF Sudeste ) Campus de Juiz de Fora.<\/p>\n<p>&nbsp;<\/p>\n<p>Fonte: Assessoria<\/p>\n","protected":false},"excerpt":{"rendered":"<p>\u00d3rg\u00e3os dos governos municipal e estadual, universidades, centros de pesquisas e empresas nacionais e internacionais ligadas ao setor de transportes, al\u00e9m da embaixada brit\u00e2nica no Brasil, confirmaram apoio \u00e0 \u201cPlataforma de Bioquerosene e Renov\u00e1veis da Zona da Mata\u201d, com a assinatura do \u201cMemorando de Entendimento\u201d (MOU), em cerim\u00f4nia no Premier Parc Hotel, na manh\u00e3 dessa [&hellip;]<\/p>\n","protected":false},"author":96,"featured_media":106942,"comment_status":"closed","ping_status":"closed","sticky":false,"template":"","format":"standard","meta":{"footnotes":""},"categories":[253],"tags":[],"class_list":["post-106933","post","type-post","status-publish","format-standard","has-post-thumbnail","hentry","category-cidade"],"_links":{"self":[{"href":"https:\/\/diarioregionaldigital.com.br\/index.php?rest_route=\/wp\/v2\/posts\/106933","targetHints":{"allow":["GET"]}}],"collection":[{"href":"https:\/\/diarioregionaldigital.com.br\/index.php?rest_route=\/wp\/v2\/posts"}],"about":[{"href":"https:\/\/diarioregionaldigital.com.br\/index.php?rest_route=\/wp\/v2\/types\/post"}],"author":[{"embeddable":true,"href":"https:\/\/diarioregionaldigital.com.br\/index.php?rest_route=\/wp\/v2\/users\/96"}],"replies":[{"embeddable":true,"href":"https:\/\/diarioregionaldigital.com.br\/index.php?rest_route=%2Fwp%2Fv2%2Fcomments&post=106933"}],"version-history":[{"count":0,"href":"https:\/\/diarioregionaldigital.com.br\/index.php?rest_route=\/wp\/v2\/posts\/106933\/revisions"}],"wp:featuredmedia":[{"embeddable":true,"href":"https:\/\/diarioregionaldigital.com.br\/index.php?rest_route=\/wp\/v2\/media\/106942"}],"wp:attachment":[{"href":"https:\/\/diarioregionaldigital.com.br\/index.php?rest_route=%2Fwp%2Fv2%2Fmedia&parent=106933"}],"wp:term":[{"taxonomy":"category","embeddable":true,"href":"https:\/\/diarioregionaldigital.com.br\/index.php?rest_route=%2Fwp%2Fv2%2Fcategories&post=106933"},{"taxonomy":"post_tag","embeddable":true,"href":"https:\/\/diarioregionaldigital.com.br\/index.php?rest_route=%2Fwp%2Fv2%2Ftags&post=106933"}],"curies":[{"name":"wp","href":"https:\/\/api.w.org\/{rel}","templated":true}]}}