{"id":106929,"date":"2018-06-06T09:03:09","date_gmt":"2018-06-06T12:03:09","guid":{"rendered":"http:\/\/diarioregionaljf.com.br\/?p=106929"},"modified":"2018-06-06T09:05:29","modified_gmt":"2018-06-06T12:05:29","slug":"motociclista-foge-apos-se-envolver-em-acidente-no-santa-luzia","status":"publish","type":"post","link":"https:\/\/diarioregionaldigital.com.br\/?p=106929","title":{"rendered":"Motociclista foge ap\u00f3s se envolver em acidente no Santa Luzia"},"content":{"rendered":"<p>Um motociclista teria fugido ap\u00f3s se envolver em um acidente no bairro Santa Luzia, zona Sul da cidade, no in\u00edcio da madrugada desta quarta-feira, 6. Segundo informa\u00e7\u00f5es da Pol\u00edcia Militar (PM), ele teria colidido contra um ve\u00edculo de passeio que, por sua vez, veio a se chocar com um caminh\u00e3o.<\/p>\n<p>Ainda conforme a PM, o motorista do carro, um rapaz de 29 anos, relatou que seguia pela Avenida Ibitiguaia quando foi atingido pelo motociclista, que veio a cair no ch\u00e3o e, em seguida, evadiu do local. O condutor do ve\u00edculo de passeio bateu com a cabe\u00e7a durante o acidente e estava confuso, sendo encaminhado ao Hospital de Pronto Socorro (HPS), onde permaneceu internado em observa\u00e7\u00e3o.<\/p>\n<p>Uma equipe da per\u00edcia t\u00e9cnica esteve no local do acidente para fazer os levantamentos de praxe.<\/p>\n","protected":false},"excerpt":{"rendered":"<p>Um motociclista teria fugido ap\u00f3s se envolver em um acidente no bairro Santa Luzia, zona Sul da cidade, no in\u00edcio da madrugada desta quarta-feira, 6. Segundo informa\u00e7\u00f5es da Pol\u00edcia Militar (PM), ele teria colidido contra um ve\u00edculo de passeio que, por sua vez, veio a se chocar com um caminh\u00e3o. Ainda conforme a PM, o [&hellip;]<\/p>\n","protected":false},"author":96,"featured_media":95836,"comment_status":"closed","ping_status":"closed","sticky":false,"template":"","format":"standard","meta":{"footnotes":""},"categories":[301,439],"tags":[],"class_list":["post-106929","post","type-post","status-publish","format-standard","has-post-thumbnail","hentry","category-artigos-policiais","category-ultima-hora"],"_links":{"self":[{"href":"https:\/\/diarioregionaldigital.com.br\/index.php?rest_route=\/wp\/v2\/posts\/106929","targetHints":{"allow":["GET"]}}],"collection":[{"href":"https:\/\/diarioregionaldigital.com.br\/index.php?rest_route=\/wp\/v2\/posts"}],"about":[{"href":"https:\/\/diarioregionaldigital.com.br\/index.php?rest_route=\/wp\/v2\/types\/post"}],"author":[{"embeddable":true,"href":"https:\/\/diarioregionaldigital.com.br\/index.php?rest_route=\/wp\/v2\/users\/96"}],"replies":[{"embeddable":true,"href":"https:\/\/diarioregionaldigital.com.br\/index.php?rest_route=%2Fwp%2Fv2%2Fcomments&post=106929"}],"version-history":[{"count":0,"href":"https:\/\/diarioregionaldigital.com.br\/index.php?rest_route=\/wp\/v2\/posts\/106929\/revisions"}],"wp:featuredmedia":[{"embeddable":true,"href":"https:\/\/diarioregionaldigital.com.br\/index.php?rest_route=\/wp\/v2\/media\/95836"}],"wp:attachment":[{"href":"https:\/\/diarioregionaldigital.com.br\/index.php?rest_route=%2Fwp%2Fv2%2Fmedia&parent=106929"}],"wp:term":[{"taxonomy":"category","embeddable":true,"href":"https:\/\/diarioregionaldigital.com.br\/index.php?rest_route=%2Fwp%2Fv2%2Fcategories&post=106929"},{"taxonomy":"post_tag","embeddable":true,"href":"https:\/\/diarioregionaldigital.com.br\/index.php?rest_route=%2Fwp%2Fv2%2Ftags&post=106929"}],"curies":[{"name":"wp","href":"https:\/\/api.w.org\/{rel}","templated":true}]}}