{"id":106928,"date":"2018-06-06T09:04:55","date_gmt":"2018-06-06T12:04:55","guid":{"rendered":"http:\/\/diarioregionaljf.com.br\/?p=106928"},"modified":"2018-06-06T09:51:05","modified_gmt":"2018-06-06T12:51:05","slug":"fernando-pimentel-afirma-que-governo-ja-identificou-faccoes-criminosas-responsaveis-por-ataques-a-onibus","status":"publish","type":"post","link":"https:\/\/diarioregionaldigital.com.br\/?p=106928","title":{"rendered":"Fernando Pimentel afirma que governo j\u00e1 identificou fac\u00e7\u00f5es criminosas respons\u00e1veis por ataques a \u00f4nibus"},"content":{"rendered":"<p>O governador\u00a0Fernando Pimentel\u00a0se reuniu nessa ter\u00e7a-feira, 5, no Pal\u00e1cio da Liberdade, em Belo Horizonte, com os chefes das for\u00e7as de seguran\u00e7a do Estado para discutir as a\u00e7\u00f5es que est\u00e3o sendo tomadas para coibir ataques a \u00f4nibus em Minas Gerais, que se intensificaram nos \u00faltimos tr\u00eas dias, principalmente, nas regi\u00f5es Sul e Tri\u00e2ngulo. De acordo com o governador, a\u00a0<a href=\"http:\/\/www.policiamilitar.mg.gov.br\/\" target=\"_blank\" rel=\"noopener\">Pol\u00edcia Militar<\/a>, a\u00a0<a href=\"http:\/\/www.policiacivil.mg.gov.br\/\" target=\"_blank\" rel=\"noopener\">Pol\u00edcia Civil<\/a>\u00a0e a Pol\u00edcia Federal em Minas Gerais j\u00e1 identificaram que os atos foram realizados por fac\u00e7\u00f5es criminosas e que o Estado paga o pre\u00e7o por ter um dos sistemas penitenci\u00e1rios mais rigorosos do pa\u00eds.<\/p>\n<p>\u201cAqui n\u00f3s n\u00e3o afrouxamos o sistema carcer\u00e1rio para nenhuma organiza\u00e7\u00e3o criminosa. E \u00e9 por isso que n\u00f3s estamos pagando esse pre\u00e7o, sofrendo amea\u00e7as e sendo atacados. A pol\u00edtica carcer\u00e1ria em Minas \u00e9 uma pol\u00edtica que cumpre rigorosamente a lei. Estamos tomando todas as provid\u00eancias para coibir esse tipo de crime\u201d, afirmou o governador durante coletiva a imprensa. No Estado, foram registrados 51\u00a0queimas de ve\u00edculos em 26 munic\u00edpios.<\/p>\n<p>Fernando Pimentel ressaltou que as investiga\u00e7\u00f5es correm em sigilo e uma for\u00e7a-tarefa j\u00e1 est\u00e1 atuando junto ao setor de intelig\u00eancia das corpora\u00e7\u00f5es. Uma das estrat\u00e9gias, segundo ele, \u00e9 camuflar agentes \u00e0 paisana em \u00f4nibus. A Pol\u00edcia Militar tamb\u00e9m j\u00e1 refor\u00e7ou o policiamento nas ruas nas regi\u00f5es em que ocorreram os ataques.<\/p>\n<p>\u201cFora isso, eu quero pedir \u00e0 popula\u00e7\u00e3o que fique atenta, acione a Pol\u00edcia Militar pelo n\u00famero 190 a qualquer ind\u00edcio ou ato suspeito. N\u00f3s estamos atuando com todo o efetivo, tanto da Pol\u00edcia Militar quanto da Pol\u00edcia Civil, e com o apoio da Pol\u00edcia Federal, e vamos trabalhar para que a gente possa evitar que Minas Gerais sofra mais este tipo de sobressalto. Volto a dizer: estamos pagando um pre\u00e7o porque n\u00f3s temos um sistema prisional que atua com rigor. Ent\u00e3o, quero dar essa palavra de tranquilidade \u00e0 popula\u00e7\u00e3o\u201d, finalizou.<\/p>\n<p>O\u00a0comandante-geral da Pol\u00edcia Militar, coronel Helbert Figueir\u00f3 de Lourdes salientou o trabalho realizado pela corpora\u00e7\u00e3o para identificar os criminosos. \u201cN\u00f3s estamos trabalhando para a constru\u00e7\u00e3o de uma intelig\u00eancia eficiente, com a coleta de dados de todas as pessoas presas para que a gente consiga chegar \u00e0 c\u00e9lula dessas organiza\u00e7\u00f5es criminosas que est\u00e3o motivando e determinando esses eventos em Minas Gerais\u201d, destacou.<\/p>\n<p>O secret\u00e1rio de Estado de\u00a0<a href=\"http:\/\/www.seguranca.mg.gov.br\/\" target=\"_blank\" rel=\"noopener\">Seguran\u00e7a P\u00fablica<\/a>, S\u00e9rgio Menezes, e o superintendente da Pol\u00edcia Federal em Minas Gerais, delegado Rodrigo de Melo Teixeira tamb\u00e9m participaram da reuni\u00e3o.<\/p>\n<p>Fonte: Ag\u00eancia Minas<\/p>\n","protected":false},"excerpt":{"rendered":"<p>O governador\u00a0Fernando Pimentel\u00a0se reuniu nessa ter\u00e7a-feira, 5, no Pal\u00e1cio da Liberdade, em Belo Horizonte, com os chefes das for\u00e7as de seguran\u00e7a do Estado para discutir as a\u00e7\u00f5es que est\u00e3o sendo tomadas para coibir ataques a \u00f4nibus em Minas Gerais, que se intensificaram nos \u00faltimos tr\u00eas dias, principalmente, nas regi\u00f5es Sul e Tri\u00e2ngulo. De acordo com [&hellip;]<\/p>\n","protected":false},"author":96,"featured_media":106931,"comment_status":"closed","ping_status":"closed","sticky":false,"template":"","format":"standard","meta":{"footnotes":""},"categories":[436,252,439],"tags":[],"class_list":["post-106928","post","type-post","status-publish","format-standard","has-post-thumbnail","hentry","category-destaque-da-semana","category-regiao","category-ultima-hora"],"_links":{"self":[{"href":"https:\/\/diarioregionaldigital.com.br\/index.php?rest_route=\/wp\/v2\/posts\/106928","targetHints":{"allow":["GET"]}}],"collection":[{"href":"https:\/\/diarioregionaldigital.com.br\/index.php?rest_route=\/wp\/v2\/posts"}],"about":[{"href":"https:\/\/diarioregionaldigital.com.br\/index.php?rest_route=\/wp\/v2\/types\/post"}],"author":[{"embeddable":true,"href":"https:\/\/diarioregionaldigital.com.br\/index.php?rest_route=\/wp\/v2\/users\/96"}],"replies":[{"embeddable":true,"href":"https:\/\/diarioregionaldigital.com.br\/index.php?rest_route=%2Fwp%2Fv2%2Fcomments&post=106928"}],"version-history":[{"count":0,"href":"https:\/\/diarioregionaldigital.com.br\/index.php?rest_route=\/wp\/v2\/posts\/106928\/revisions"}],"wp:featuredmedia":[{"embeddable":true,"href":"https:\/\/diarioregionaldigital.com.br\/index.php?rest_route=\/wp\/v2\/media\/106931"}],"wp:attachment":[{"href":"https:\/\/diarioregionaldigital.com.br\/index.php?rest_route=%2Fwp%2Fv2%2Fmedia&parent=106928"}],"wp:term":[{"taxonomy":"category","embeddable":true,"href":"https:\/\/diarioregionaldigital.com.br\/index.php?rest_route=%2Fwp%2Fv2%2Fcategories&post=106928"},{"taxonomy":"post_tag","embeddable":true,"href":"https:\/\/diarioregionaldigital.com.br\/index.php?rest_route=%2Fwp%2Fv2%2Ftags&post=106928"}],"curies":[{"name":"wp","href":"https:\/\/api.w.org\/{rel}","templated":true}]}}