{"id":106923,"date":"2018-06-06T08:32:05","date_gmt":"2018-06-06T11:32:05","guid":{"rendered":"http:\/\/diarioregionaljf.com.br\/?p=106923"},"modified":"2018-06-06T08:36:56","modified_gmt":"2018-06-06T11:36:56","slug":"anp-fara-consulta-publica-sobre-reajustes-de-precos-de-combustiveis","status":"publish","type":"post","link":"https:\/\/diarioregionaldigital.com.br\/?p=106923","title":{"rendered":"ANP far\u00e1 consulta p\u00fablica sobre reajustes de pre\u00e7os de combust\u00edveis"},"content":{"rendered":"<p>O governo vai come\u00e7ar a regular a periodicidade dos reajustes dos combust\u00edveis, que at\u00e9 ent\u00e3o era livre, chegando a mudan\u00e7as di\u00e1rias, como as feitas pela Petrobras. A medida entrar\u00e1 em vigor em at\u00e9 60 dias. A Ag\u00eancia Nacional do Petr\u00f3leo, G\u00e1s Natural e Biocombust\u00edveis (ANP) anunciou, na noite de ontem, 5, que iniciar\u00e1 uma consulta p\u00fablica para saber qual o per\u00edodo m\u00ednimo que refinarias e distribuidoras poder\u00e3o reajustar os combust\u00edveis.<\/p>\n<p>A chamada Tomada P\u00fablica de Contribui\u00e7\u00f5es (TPC) ser\u00e1 realizada de 11 de junho a 2 de julho, ouvindo setores da Uni\u00e3o, de estados e munic\u00edpios, a todo o mercado petrol\u00edfero, aos consumidores, ao segmento t\u00e9cnico e a todos interessados. Ao final do processo, a ag\u00eancia reguladora dever\u00e1 elaborar uma resolu\u00e7\u00e3o sobre o per\u00edodo m\u00ednimo para o repasse ao consumidor dos reajustes dos pre\u00e7os dos combust\u00edveis.<\/p>\n<p>O diretor-geral da ANP, Decio Oddone, disse que n\u00e3o se trata de interven\u00e7\u00e3o no mercado e explicou que a medida visa a estabilizar o setor, com benef\u00edcios a consumidores e \u00e0s empresas e investidores. &#8220;N\u00e3o ocorrer\u00e1 influ\u00eancia sobre a forma\u00e7\u00e3o de pre\u00e7os&#8221;, frisou. Segundo ele, o modelo foi escolhido porque o tema e &#8220;urgente&#8221;. &#8220;A periodicidade do repasse dos reajustes dos combust\u00edveis se converteu em um tema de grande interesse para a sociedade brasileira, que demonstrou que deseja uma maior estabilidade dos pre\u00e7os&#8221;, disse.<\/p>\n<p>Por meio de nota, o Minist\u00e9rio de Minas e Energia (MME) disse que as medidas que ser\u00e3o adotadas t\u00eam por objetivo assegurar as atividades econ\u00f4micas e garantir \u201ca possibilidade de reajustes e o conforto de pre\u00e7os justos\u201d.<\/p>\n<p>\u201c\u00c9 importante destacar que esse processo respeita a fun\u00e7\u00e3o da ANP, a de agente regulador do setor, observando crit\u00e9rios de governan\u00e7a e transpar\u00eancia. Esta consulta permitir\u00e1 postura alinhada com valores como liberdade de mercado; livre concorr\u00eancia; defesa de ambiente democr\u00e1tico para pessoas e atividades econ\u00f4micas, e respeito aos contratos\u201d, disse o MME por meio de nota.<\/p>\n<p><a href=\"http:\/\/diarioregionaljf.com.br\/2018\/06\/05\/presidente-adia-reuniao-sobre-preco-de-combustiveis\/\" target=\"_blank\" rel=\"noopener\">O an\u00fancio da medida ocorre um dia ap\u00f3s o Grupo de Trabalho composto pelo MME e a ANP ter adiado uma reuni\u00e3o para tratar do tema<\/a>. Na ocasi\u00e3o o minist\u00e9rio informou, por meio de nota oficial, que a reuni\u00e3o buscaria criar uma &#8220;pol\u00edtica de amortecimento dos pre\u00e7os dos combust\u00edveis ao consumidor&#8221;. A suspens\u00e3o da reuni\u00e3o foi determinada pelo presidente Michel Temer, segundo apurou a Ag\u00eancia Brasil.<\/p>\n<p>&nbsp;<\/p>\n<p>Fonte: Ag\u00eancia Brasil<\/p>\n","protected":false},"excerpt":{"rendered":"<p>O governo vai come\u00e7ar a regular a periodicidade dos reajustes dos combust\u00edveis, que at\u00e9 ent\u00e3o era livre, chegando a mudan\u00e7as di\u00e1rias, como as feitas pela Petrobras. A medida entrar\u00e1 em vigor em at\u00e9 60 dias. A Ag\u00eancia Nacional do Petr\u00f3leo, G\u00e1s Natural e Biocombust\u00edveis (ANP) anunciou, na noite de ontem, 5, que iniciar\u00e1 uma consulta [&hellip;]<\/p>\n","protected":false},"author":96,"featured_media":106924,"comment_status":"closed","ping_status":"closed","sticky":false,"template":"","format":"standard","meta":{"footnotes":""},"categories":[440,439],"tags":[],"class_list":["post-106923","post","type-post","status-publish","format-standard","has-post-thumbnail","hentry","category-destaques-do-dia","category-ultima-hora"],"_links":{"self":[{"href":"https:\/\/diarioregionaldigital.com.br\/index.php?rest_route=\/wp\/v2\/posts\/106923","targetHints":{"allow":["GET"]}}],"collection":[{"href":"https:\/\/diarioregionaldigital.com.br\/index.php?rest_route=\/wp\/v2\/posts"}],"about":[{"href":"https:\/\/diarioregionaldigital.com.br\/index.php?rest_route=\/wp\/v2\/types\/post"}],"author":[{"embeddable":true,"href":"https:\/\/diarioregionaldigital.com.br\/index.php?rest_route=\/wp\/v2\/users\/96"}],"replies":[{"embeddable":true,"href":"https:\/\/diarioregionaldigital.com.br\/index.php?rest_route=%2Fwp%2Fv2%2Fcomments&post=106923"}],"version-history":[{"count":0,"href":"https:\/\/diarioregionaldigital.com.br\/index.php?rest_route=\/wp\/v2\/posts\/106923\/revisions"}],"wp:featuredmedia":[{"embeddable":true,"href":"https:\/\/diarioregionaldigital.com.br\/index.php?rest_route=\/wp\/v2\/media\/106924"}],"wp:attachment":[{"href":"https:\/\/diarioregionaldigital.com.br\/index.php?rest_route=%2Fwp%2Fv2%2Fmedia&parent=106923"}],"wp:term":[{"taxonomy":"category","embeddable":true,"href":"https:\/\/diarioregionaldigital.com.br\/index.php?rest_route=%2Fwp%2Fv2%2Fcategories&post=106923"},{"taxonomy":"post_tag","embeddable":true,"href":"https:\/\/diarioregionaldigital.com.br\/index.php?rest_route=%2Fwp%2Fv2%2Ftags&post=106923"}],"curies":[{"name":"wp","href":"https:\/\/api.w.org\/{rel}","templated":true}]}}