{"id":106921,"date":"2018-06-06T08:18:47","date_gmt":"2018-06-06T11:18:47","guid":{"rendered":"http:\/\/diarioregionaljf.com.br\/?p=106921"},"modified":"2018-06-06T08:19:13","modified_gmt":"2018-06-06T11:19:13","slug":"pm-apreende-maquinas-caca-niqueis-no-centro","status":"publish","type":"post","link":"https:\/\/diarioregionaldigital.com.br\/?p=106921","title":{"rendered":"PM apreende m\u00e1quinas ca\u00e7a-n\u00edqueis no Centro"},"content":{"rendered":"<p>A Pol\u00edcia Militar (PM) apreendeu v\u00e1rias m\u00e1quinas ca\u00e7a-n\u00edqueis em um im\u00f3vel na Rua Barbosa Lima, regi\u00e3o central de Juiz de Fora, na tarde dessa ter\u00e7a-feira, 5.<\/p>\n<p>De acordo com informa\u00e7\u00f5es do registro de ocorr\u00eancia, uma equipe compareceu ao local ap\u00f3s se acionada via Centro de Opera\u00e7\u00f5es e constatou a pr\u00e1tica dos jogos de azar. Ainda segundo a PM, os apostadores que estavam no im\u00f3vel conseguiram fugir ao perceberem a chegada dos militares.<\/p>\n<p>As m\u00e1quinas encontradas foram apreendidas, ficando acauteladas na sede da 30\u00aa Cia da Pol\u00edcia Militar para provid\u00eancias futuras.<\/p>\n","protected":false},"excerpt":{"rendered":"<p>A Pol\u00edcia Militar (PM) apreendeu v\u00e1rias m\u00e1quinas ca\u00e7a-n\u00edqueis em um im\u00f3vel na Rua Barbosa Lima, regi\u00e3o central de Juiz de Fora, na tarde dessa ter\u00e7a-feira, 5. De acordo com informa\u00e7\u00f5es do registro de ocorr\u00eancia, uma equipe compareceu ao local ap\u00f3s se acionada via Centro de Opera\u00e7\u00f5es e constatou a pr\u00e1tica dos jogos de azar. Ainda [&hellip;]<\/p>\n","protected":false},"author":96,"featured_media":97342,"comment_status":"closed","ping_status":"closed","sticky":false,"template":"","format":"standard","meta":{"footnotes":""},"categories":[301,439],"tags":[],"class_list":["post-106921","post","type-post","status-publish","format-standard","has-post-thumbnail","hentry","category-artigos-policiais","category-ultima-hora"],"_links":{"self":[{"href":"https:\/\/diarioregionaldigital.com.br\/index.php?rest_route=\/wp\/v2\/posts\/106921","targetHints":{"allow":["GET"]}}],"collection":[{"href":"https:\/\/diarioregionaldigital.com.br\/index.php?rest_route=\/wp\/v2\/posts"}],"about":[{"href":"https:\/\/diarioregionaldigital.com.br\/index.php?rest_route=\/wp\/v2\/types\/post"}],"author":[{"embeddable":true,"href":"https:\/\/diarioregionaldigital.com.br\/index.php?rest_route=\/wp\/v2\/users\/96"}],"replies":[{"embeddable":true,"href":"https:\/\/diarioregionaldigital.com.br\/index.php?rest_route=%2Fwp%2Fv2%2Fcomments&post=106921"}],"version-history":[{"count":0,"href":"https:\/\/diarioregionaldigital.com.br\/index.php?rest_route=\/wp\/v2\/posts\/106921\/revisions"}],"wp:featuredmedia":[{"embeddable":true,"href":"https:\/\/diarioregionaldigital.com.br\/index.php?rest_route=\/wp\/v2\/media\/97342"}],"wp:attachment":[{"href":"https:\/\/diarioregionaldigital.com.br\/index.php?rest_route=%2Fwp%2Fv2%2Fmedia&parent=106921"}],"wp:term":[{"taxonomy":"category","embeddable":true,"href":"https:\/\/diarioregionaldigital.com.br\/index.php?rest_route=%2Fwp%2Fv2%2Fcategories&post=106921"},{"taxonomy":"post_tag","embeddable":true,"href":"https:\/\/diarioregionaldigital.com.br\/index.php?rest_route=%2Fwp%2Fv2%2Ftags&post=106921"}],"curies":[{"name":"wp","href":"https:\/\/api.w.org\/{rel}","templated":true}]}}