{"id":106918,"date":"2018-06-06T08:08:41","date_gmt":"2018-06-06T11:08:41","guid":{"rendered":"http:\/\/diarioregionaljf.com.br\/?p=106918"},"modified":"2018-06-06T08:08:58","modified_gmt":"2018-06-06T11:08:58","slug":"governo-de-minas-lanca-aplicativo-que-auxilia-mulheres-em-situacao-de-risco","status":"publish","type":"post","link":"https:\/\/diarioregionaldigital.com.br\/?p=106918","title":{"rendered":"Governo de Minas lan\u00e7a aplicativo que auxilia mulheres em situa\u00e7\u00e3o de risco"},"content":{"rendered":"<p>O governador\u00a0<a href=\"http:\/\/www.agenciaminas.mg.gov.br\/governador\/biografia\" target=\"_blank\" rel=\"noopener\">Fernando Pimentel<\/a>\u00a0lan\u00e7ou nessa ter\u00e7a-feira, 5, no Pal\u00e1cio da Liberdade, em Belo Horizonte, o aplicativo &#8216;Alerta MG&#8217;, ferramenta para fiscalizar o cumprimento de medidas protetivas e refor\u00e7ar a\u00e7\u00f5es de seguran\u00e7a voltadas para as mulheres mineiras. Na mesma cerim\u00f4nia, o governador entregou 13 carros\u00a0para munic\u00edpios que t\u00eam\u00a0Centros de Refer\u00eancia de Atendimentos \u00e0s Mulheres,\u00a0a\u00e7\u00e3o prevista no Plano Nacional e Estadual de Enfrentamento \u00e0 Viol\u00eancia Contra as Mulheres.<\/p>\n<p>Em seu discurso, o governador lembrou que as duas a\u00e7\u00f5es s\u00e3o um reflexo do compromisso do Governo com movimentos feministas e sociais. \u201cPrecisamos dar estrutura para esses profissionais que trabalham no socorro \u00e0 mulher depois que ela sofre um trauma, uma viol\u00eancia ou amea\u00e7a. Fico muito feliz de a gente cumprir aquilo para o que foi eleito, que \u00e9 honrar o compromisso com os movimentos feministas, sociais, enfim, com as causas que iluminaram a nossa hist\u00f3ria at\u00e9 chegar a esse momento\u201d.<\/p>\n<p>O governador enfatizou a import\u00e2ncia de divulgar o servi\u00e7o que passa a ser prestado pelo Estado com o uso do aplicativo &#8216;Alerta MG&#8217;. \u201cEle coloca a tecnologia a servi\u00e7o da prote\u00e7\u00e3o das mulheres, do combate \u00e0 viol\u00eancia contra a mulher. O aplicativo \u00e9 muito f\u00e1cil e qualquer mulher pode usar para se sentir mais segura. N\u00f3s devemos divulg\u00e1-lo. \u00c9 uma conquista tecnol\u00f3gica que est\u00e1 agregando ao nosso trabalho\u201d, destacou Fernando Pimentel.<\/p>\n<p>A deputada Mar\u00edlia Campos, que representou a Assembleia Legislativa de Minas Gerais, ressaltou que as medidas fortalecem as pol\u00edticas voltadas para a prote\u00e7\u00e3o dos direitos das mulheres.<\/p>\n<p>\u201cA gente vive um per\u00edodo de desmonte das pol\u00edticas de direito social em n\u00edvel nacional, mas em Minas Gerais a gente faz diferen\u00e7a. O governador criou uma Secretaria de Direitos Humanos, com subcoordenadoria de mulheres e racial, reativou o Conselho Estadual das Mulheres, com participa\u00e7\u00e3o da sociedade civil. Muito se cobra sobre qual \u00e9 a obra, mas a obra \u00e9 construir um novo padr\u00e3o de relacionamento. A obra \u00e9 conseguir, de fato, uma cultura de combate \u00e0 discrimina\u00e7\u00e3o, ao preconceito, \u00e9 garantir que mais mulheres participem das decis\u00f5es do Estado por meio dos\u00a0<a href=\"http:\/\/www.forunsregionais.mg.gov.br\/\" target=\"_blank\" rel=\"noopener\">F\u00f3runs Regionais<\/a>\u00a0criados\u201d, afirmou.<\/p>\n<p>&nbsp;<\/p>\n<p><span style=\"font-size: 12pt;\"><strong>AGILIDADE E SEGURAN\u00c7A<\/strong><\/span><\/p>\n<p>O &#8216;Alerta MG&#8217; permitir\u00e1, por exemplo, que poss\u00edveis v\u00edtimas de viol\u00eancia procurem socorro r\u00e1pido e seguro. A ferramenta possibilita a cria\u00e7\u00e3o de uma rede privada de contatos para que a usu\u00e1ria possa, com apenas um clique, acionar as pessoas que ela mesma cadastrou quando vivenciar qualquer situa\u00e7\u00e3o de risco ou perigo. O app envia um SMS para todos os contatos pr\u00e9-indicados, anexando a localiza\u00e7\u00e3o georeferenciada e eventual texto redigido pela usu\u00e1ria.<\/p>\n<p>Uma outra fun\u00e7\u00e3o, dispon\u00edvel para algumas mulheres cadastradas pela\u00a0<a href=\"http:\/\/www.policiacivil.mg.gov.br\/\" target=\"_blank\" rel=\"noopener\">Pol\u00edcia Civil de Minas Gerais<\/a>\u00a0de acordo com alguns crit\u00e9rios previamente definidos, habilita um acionamento emergencial, possibilitando a gera\u00e7\u00e3o de um alerta em uma central de monitoramento com o imediato deslocamento das for\u00e7as de seguran\u00e7a para o atendimento. A central acompanhar\u00e1 em tempo real o deslocamento da v\u00edtima e manter\u00e1 contato com a equipe que foi direcionada para atualizar as informa\u00e7\u00f5es. Esta fun\u00e7\u00e3o estar\u00e1, neste momento, dispon\u00edvel para a capital, e depois ser\u00e1 ampliada para o interior.<\/p>\n<p>A chefe do Departamento de Investiga\u00e7\u00e3o, Orienta\u00e7\u00e3o e Prote\u00e7\u00e3o \u00e0 Fam\u00edlia, delegada-geral Carla Cristina Vidal, explicou que o aplicativo ter\u00e1 a fun\u00e7\u00e3o informativa, de preven\u00e7\u00e3o e de combate \u00e0 viol\u00eancia. \u201cEsta \u00e9 uma plataforma tecnol\u00f3gica voltada \u00e0 informa\u00e7\u00e3o, orienta\u00e7\u00e3o, preven\u00e7\u00e3o e prote\u00e7\u00e3o, bem como a fiscaliza\u00e7\u00e3o das medidas protetivas. \u00c9 inovador no estado de Minas Gerais, e est\u00e1 em sintonia com a utiliza\u00e7\u00e3o da tecnologia para o combate a qualquer tipo de viol\u00eancia. O maior objetivo \u00e9 encorajar toda e qualquer mulher a romper com esse ciclo de viol\u00eancia e sair desse silenciamento\u201d, disse.<\/p>\n<p>Todos os usu\u00e1rios poder\u00e3o encontrar a lista dos locais de funcionamento de servi\u00e7os p\u00fablicos ou de interesse p\u00fablico voltados \u00e0 prote\u00e7\u00e3o e orienta\u00e7\u00e3o \u00e0 mulher. As informa\u00e7\u00f5es tamb\u00e9m ir\u00e3o auxiliar no diagn\u00f3stico dos fatores que circundam estes crimes, fomentando, assim, as a\u00e7\u00f5es preventivas e pol\u00edticas p\u00fablicas adequadas.<\/p>\n<p>O &#8216;Alerta MG&#8217; foi desenvolvido com a expertise da Pol\u00edcia Civil, sendo necess\u00e1ria apenas a aquisi\u00e7\u00e3o de equipamentos para testes e implementa\u00e7\u00e3o do projeto piloto, o que demandou investimento de cerca de R$45 mil, oriundos de emenda parlamentar. O aplicativo est\u00e1 preparado para receber novas funcionalidades, visando o amplo atendimento, orienta\u00e7\u00e3o e prote\u00e7\u00e3o a mulher.<\/p>\n<p><strong><span style=\"font-size: 12pt;\">VE\u00cdCULOS<\/span><\/strong><br \/>\nO governador Fernando Pimentel tamb\u00e9m entregou 13 ve\u00edculos para os Centros de Refer\u00eancia de Atendimentos \u00e0s Mulheres\u00a0V\u00edtimas de Viol\u00eancia\u00a0de Alfenas, Belo Horizonte, Buritis, Cataguases, Congonhas, Lagoa Santa, Nova Lima, Passos, Patos de Minas, Pirapora, S\u00e3o Sebasti\u00e3o do Para\u00edso, Uberaba e Visconde do Rio Branco. Os ve\u00edculos ser\u00e3o utilizados em a\u00e7\u00f5es de combate \u00e0 viol\u00eancia contra a mulher\u00a0na regi\u00e3o urbana ou rural.<\/p>\n<p>De acordo com a coordenadora do Centro de Refer\u00eancia de Atendimento \u00e0 Mulher de Alfenas, Arlete Perrone, o uso de ve\u00edculo pr\u00f3prio \u00e9 importante para que mais mulheres possam procurar ajuda junto aos \u00f3rg\u00e3os p\u00fablicos. \u201cSomos conhecedoras de que, muitas das vezes, a v\u00edtima n\u00e3o denuncia ou n\u00e3o procura ajuda pela dificuldade no deslocamento de sua resid\u00eancia at\u00e9 o \u00f3rg\u00e3o p\u00fablico de prote\u00e7\u00e3o ou atendimento especializado \u00e0s mulheres. Mais que um ve\u00edculo, que recebemos das m\u00e3os do governador, ele ser\u00e1 um elo entre a v\u00edtima e o equipamento de prote\u00e7\u00e3o\u201d, explicou.<\/p>\n<p>A compra dos autom\u00f3veis ocorreu por meio da\u00a0<a href=\"http:\/\/www.direitoshumanos.mg.gov.br\/\" target=\"_blank\" rel=\"noopener\">Secretaria de Direitos Humanos, Participa\u00e7\u00e3o Social e Cidadania (Sedpac)<\/a>\u00a0em conv\u00eanio firmado com o governo federal em 2012 e prorrogado em 2015.\u00a0O Estado impulsiona a cria\u00e7\u00e3o destes Centros de Refer\u00eancia como unidades onde as mulheres buscam orienta\u00e7\u00e3o sobre os encaminhamentos de um inqu\u00e9rito policial demandado \u00e0 Pol\u00edcia Civil, ajuda quando necess\u00e1rio em rela\u00e7\u00e3o \u00e0s medidas protetivas, al\u00e9m de acompanhamento psicol\u00f3gico e jur\u00eddico. O Estado tamb\u00e9m acompanha e capacita permanentemente o trabalho das psic\u00f3logas, assistentes sociais e advogadas que trabalham nos centros.<\/p>\n<p>O Governo de Minas Gerais entregou,\u00a0em 2015,\u00a021 carros \u00e0s Deams (Delegacias Especializadas no Atendimento \u00e0 Mulher), outros nove ve\u00edculos,\u00a0em 2017,\u00a0para os Centros de Refer\u00eancia no Atendimento \u00e0s Mulheres de Belo Horizonte, Contagem, Itajub\u00e1, Jequitinhonha, Juiz de Fora, Montes Claros, Pouso Alegre, Sabar\u00e1 e Uberl\u00e2ndia.<\/p>\n<p>A cerim\u00f4nia tamb\u00e9m contou com a presen\u00e7a da secret\u00e1ria de Estado de\u00a0<a href=\"http:\/\/www.social.mg.gov.br\/\" target=\"_blank\" rel=\"noopener\">Trabalho e Desenvolvimento Social<\/a>, Rosilene Rocha, o secret\u00e1rio adjunto de Diretos Humanos, Participa\u00e7\u00e3o Social e Cidadania, Gabriel Rocha, a superintendente de Enfretamento \u00e0 Viol\u00eancia Contra Mulheres, Isabel Lisboa, dos deputados estaduais Paulo Guedes, Fred Costa, Geisa Teixeira, Durval \u00c2ngelo, Gustavo Santana, Celinho Sinttrocel, Ant\u00f4nio Lerin, Doutor Wilson Batista,\u00a0 a presidente em exerc\u00edcio do Conselho Estadual da Mulher, Cam\u00e9lia Viana, prefeitos, demais autoridades, e representantes de movimentos sociais.<\/p>\n<p>&nbsp;<\/p>\n<p>Fonte: Ag\u00eancia Minas<\/p>\n","protected":false},"excerpt":{"rendered":"<p>O governador\u00a0Fernando Pimentel\u00a0lan\u00e7ou nessa ter\u00e7a-feira, 5, no Pal\u00e1cio da Liberdade, em Belo Horizonte, o aplicativo &#8216;Alerta MG&#8217;, ferramenta para fiscalizar o cumprimento de medidas protetivas e refor\u00e7ar a\u00e7\u00f5es de seguran\u00e7a voltadas para as mulheres mineiras. Na mesma cerim\u00f4nia, o governador entregou 13 carros\u00a0para munic\u00edpios que t\u00eam\u00a0Centros de Refer\u00eancia de Atendimentos \u00e0s Mulheres,\u00a0a\u00e7\u00e3o prevista no Plano [&hellip;]<\/p>\n","protected":false},"author":96,"featured_media":106919,"comment_status":"closed","ping_status":"closed","sticky":false,"template":"","format":"standard","meta":{"footnotes":""},"categories":[436,254],"tags":[],"class_list":["post-106918","post","type-post","status-publish","format-standard","has-post-thumbnail","hentry","category-destaque-da-semana","category-politica"],"_links":{"self":[{"href":"https:\/\/diarioregionaldigital.com.br\/index.php?rest_route=\/wp\/v2\/posts\/106918","targetHints":{"allow":["GET"]}}],"collection":[{"href":"https:\/\/diarioregionaldigital.com.br\/index.php?rest_route=\/wp\/v2\/posts"}],"about":[{"href":"https:\/\/diarioregionaldigital.com.br\/index.php?rest_route=\/wp\/v2\/types\/post"}],"author":[{"embeddable":true,"href":"https:\/\/diarioregionaldigital.com.br\/index.php?rest_route=\/wp\/v2\/users\/96"}],"replies":[{"embeddable":true,"href":"https:\/\/diarioregionaldigital.com.br\/index.php?rest_route=%2Fwp%2Fv2%2Fcomments&post=106918"}],"version-history":[{"count":0,"href":"https:\/\/diarioregionaldigital.com.br\/index.php?rest_route=\/wp\/v2\/posts\/106918\/revisions"}],"wp:featuredmedia":[{"embeddable":true,"href":"https:\/\/diarioregionaldigital.com.br\/index.php?rest_route=\/wp\/v2\/media\/106919"}],"wp:attachment":[{"href":"https:\/\/diarioregionaldigital.com.br\/index.php?rest_route=%2Fwp%2Fv2%2Fmedia&parent=106918"}],"wp:term":[{"taxonomy":"category","embeddable":true,"href":"https:\/\/diarioregionaldigital.com.br\/index.php?rest_route=%2Fwp%2Fv2%2Fcategories&post=106918"},{"taxonomy":"post_tag","embeddable":true,"href":"https:\/\/diarioregionaldigital.com.br\/index.php?rest_route=%2Fwp%2Fv2%2Ftags&post=106918"}],"curies":[{"name":"wp","href":"https:\/\/api.w.org\/{rel}","templated":true}]}}