{"id":106914,"date":"2018-06-06T07:56:09","date_gmt":"2018-06-06T10:56:09","guid":{"rendered":"http:\/\/diarioregionaljf.com.br\/?p=106914"},"modified":"2018-06-06T07:56:26","modified_gmt":"2018-06-06T10:56:26","slug":"fhemig-seleciona-profissionais-para-o-hospital-joao-penido","status":"publish","type":"post","link":"https:\/\/diarioregionaldigital.com.br\/?p=106914","title":{"rendered":"Fhemig seleciona profissionais para o Hospital Jo\u00e3o Penido"},"content":{"rendered":"<p>A Funda\u00e7\u00e3o Hospitalar do Estado de Minas Gerais (Fhemig) est\u00e1 com inscri\u00e7\u00f5es abertas para Processo Seletivo P\u00fablico Simplificado (<a href=\"http:\/\/www.fhemig.mg.gov.br\/index.php\/docman\/Como_ingressar_na_FHEMIG-1\/Editais_para_contratacao\/editais-pss\/6326-regulamento-38-2018-hospital-regional-joao-penido-hrjp-inscricoes-de-06-06-2018-a-12-06-2018\/file\" target=\"_blank\" rel=\"noopener\">Regulamento N\u00ba38\/2018<\/a>) para o Hospital Regional Jo\u00e3o Penido (HRJP). A sele\u00e7\u00e3o \u00e9 voltada para o cadastramento de curr\u00edculos, visando a contrata\u00e7\u00e3o de profissionais para as fun\u00e7\u00f5es de t\u00e9cnico em eletr\u00f4nica e farmac\u00eautico, al\u00e9m da forma\u00e7\u00e3o cadastro reserva para a fun\u00e7\u00e3o de terapeuta ocupacional.<\/p>\n<p>Os interessados podem se inscrever at\u00e9 \u00e0s 17h do dia 12 de junho de 2018 (hor\u00e1rio de Bras\u00edlia), pelo <a href=\"http:\/\/www.fhemig.mg.gov.br\/index.php\/como-ingressar-na-fhemig\/selecao\/editaiscontratacao\" target=\"_blank\" rel=\"noopener\">site da Funda\u00e7\u00e3o<\/a>.<\/p>\n<p>O processo seletivo ser\u00e1 composto em duas etapas, sendo a primeira composta de an\u00e1lise curricular e dos pr\u00e9-requisitos exigidos. J\u00e1 a segunda, consiste na realiza\u00e7\u00e3o de entrevistas com os candidatos selecionados na primeira fase.<\/p>\n<p>&nbsp;<\/p>\n<p><span style=\"font-size: 12pt;\"><strong>MAIS OPORTUNIDADES<\/strong><\/span><\/p>\n<p>Tamb\u00e9m est\u00e3o abertas inscri\u00e7\u00f5es para processo seletivo visando o cadastramento de curr\u00edculos para forma\u00e7\u00e3o de quadro de cadastro reserva na fun\u00e7\u00e3o de t\u00e9cnico em contabilidade para atuar na Administra\u00e7\u00e3o Central (ADC) da Funda\u00e7\u00e3o (<a href=\"http:\/\/www.fhemig.mg.gov.br\/index.php\/docman\/Como_ingressar_na_FHEMIG-1\/Editais_para_contratacao\/editais-pss\/6372-regulamento-42-2018-administracao-central-tecnico-de-contabilidade-inscricoes-de-06-06-2018-a-08-06-2018\/file\" target=\"_blank\" rel=\"noopener\">Regulamento N\u00ba 42\/2018<\/a>).<\/p>\n<p>Os candidatos podem se inscrever pelo site da <a href=\"http:\/\/www.fhemig.mg.gov.br\/index.php\/como-ingressar-na-fhemig\/selecao\/editaiscontratacao\" target=\"_blank\" rel=\"noopener\">Fhemig<\/a> at\u00e9 as 17h do dia 8 de junho de 2018 (hor\u00e1rio de Bras\u00edlia).<\/p>\n<p>&nbsp;<\/p>\n<p>Da reda\u00e7\u00e3o\/Com informa\u00e7\u00f5es da assessoria<\/p>\n","protected":false},"excerpt":{"rendered":"<p>A Funda\u00e7\u00e3o Hospitalar do Estado de Minas Gerais (Fhemig) est\u00e1 com inscri\u00e7\u00f5es abertas para Processo Seletivo P\u00fablico Simplificado (Regulamento N\u00ba38\/2018) para o Hospital Regional Jo\u00e3o Penido (HRJP). A sele\u00e7\u00e3o \u00e9 voltada para o cadastramento de curr\u00edculos, visando a contrata\u00e7\u00e3o de profissionais para as fun\u00e7\u00f5es de t\u00e9cnico em eletr\u00f4nica e farmac\u00eautico, al\u00e9m da forma\u00e7\u00e3o cadastro reserva [&hellip;]<\/p>\n","protected":false},"author":96,"featured_media":106916,"comment_status":"closed","ping_status":"closed","sticky":false,"template":"","format":"standard","meta":{"footnotes":""},"categories":[280,436],"tags":[],"class_list":["post-106914","post","type-post","status-publish","format-standard","has-post-thumbnail","hentry","category-concurso","category-destaque-da-semana"],"_links":{"self":[{"href":"https:\/\/diarioregionaldigital.com.br\/index.php?rest_route=\/wp\/v2\/posts\/106914","targetHints":{"allow":["GET"]}}],"collection":[{"href":"https:\/\/diarioregionaldigital.com.br\/index.php?rest_route=\/wp\/v2\/posts"}],"about":[{"href":"https:\/\/diarioregionaldigital.com.br\/index.php?rest_route=\/wp\/v2\/types\/post"}],"author":[{"embeddable":true,"href":"https:\/\/diarioregionaldigital.com.br\/index.php?rest_route=\/wp\/v2\/users\/96"}],"replies":[{"embeddable":true,"href":"https:\/\/diarioregionaldigital.com.br\/index.php?rest_route=%2Fwp%2Fv2%2Fcomments&post=106914"}],"version-history":[{"count":0,"href":"https:\/\/diarioregionaldigital.com.br\/index.php?rest_route=\/wp\/v2\/posts\/106914\/revisions"}],"wp:featuredmedia":[{"embeddable":true,"href":"https:\/\/diarioregionaldigital.com.br\/index.php?rest_route=\/wp\/v2\/media\/106916"}],"wp:attachment":[{"href":"https:\/\/diarioregionaldigital.com.br\/index.php?rest_route=%2Fwp%2Fv2%2Fmedia&parent=106914"}],"wp:term":[{"taxonomy":"category","embeddable":true,"href":"https:\/\/diarioregionaldigital.com.br\/index.php?rest_route=%2Fwp%2Fv2%2Fcategories&post=106914"},{"taxonomy":"post_tag","embeddable":true,"href":"https:\/\/diarioregionaldigital.com.br\/index.php?rest_route=%2Fwp%2Fv2%2Ftags&post=106914"}],"curies":[{"name":"wp","href":"https:\/\/api.w.org\/{rel}","templated":true}]}}