{"id":106890,"date":"2018-06-05T20:39:05","date_gmt":"2018-06-05T23:39:05","guid":{"rendered":"http:\/\/diarioregionaljf.com.br\/?p=106890"},"modified":"2018-06-05T20:39:05","modified_gmt":"2018-06-05T23:39:05","slug":"monte-sinai-e-albert-sabin-se-unem-na-criacao-do-sabin-sinai","status":"publish","type":"post","link":"https:\/\/diarioregionaldigital.com.br\/?p=106890","title":{"rendered":"Monte Sinai e Albert Sabin se unem na cria\u00e7\u00e3o do Sabin Sinai"},"content":{"rendered":"<p>Para ficar e para somar. \u00c9 com este posicionamento de mercado que nasce o Sabin Sinai<strong>,<\/strong> a principal novidade do segmento em Juiz de Fora, atualmente. Os hospitais Monte Sinai e Albert Sabin se unem para assumir a administra\u00e7\u00e3o do plano de Sa\u00fade Sinai na nova configura\u00e7\u00e3o societ\u00e1ria da operadora de sa\u00fade que mais cresceu em Juiz de Fora e regi\u00e3o, em 2017. Com ganho de mercado superior a 60% em rela\u00e7\u00e3o \u00e0 pr\u00f3pria carteira e crescimento absoluto de vidas equiparado ao maior na refer\u00eancia local, a operadora ainda teve a melhor m\u00e9dia da nota da ANS (9,0) entre os planos com solu\u00e7\u00e3o completa em Juiz de Fora (IDSS 2017), e com nota m\u00e1xima no item cumprimento das normas da ANS (Gest\u00e3o e Regula\u00e7\u00e3o).<\/p>\n<p>&nbsp;<\/p>\n<p>Reconstruindo a operadora sobre uma plataforma de gest\u00e3o moderna, a nova marca tem como pilares a inova\u00e7\u00e3o e a qualidade dos servi\u00e7os oferecidos, destacando-se pelos 25 anos de experi\u00eancia de cada um dos gestores \u00e0 frente dos dois hospitais. O Sabin Sinai ter\u00e1 como diretor-presidente Jos\u00e9 Mariano Soares de Moraes (Monte Sinai) e C\u00e9lio Carneiro Chagas (Albert Sabin) assume a nova Diretoria de Mercado. Ricardo Almeida (Albert Sabin) estrutura a Diretoria de Opera\u00e7\u00f5es e \u00c2ngelo Marciano Lopes (Monte Sinai) segue na dire\u00e7\u00e3o executiva, como financeiro.<\/p>\n<p>&nbsp;<\/p>\n<p>A verticaliza\u00e7\u00e3o sustent\u00e1vel \u00e9 o principal valor desta nova configura\u00e7\u00e3o, solidificando uma tend\u00eancia natural na movimenta\u00e7\u00e3o do mercado de sa\u00fade suplementar. Esta uni\u00e3o de for\u00e7as traz um aprimoramento da empresa recriando uma identidade institucional que \u00e9 baseada na experi\u00eancia mais dif\u00edcil da assist\u00eancia e de maior custeio, a gest\u00e3o hospitalar. O novo projeto administrativo vai aprimorar uma operadora j\u00e1 s\u00f3lida, que est\u00e1 no mercado h\u00e1 mais de 20 anos. Como experi\u00eancia em gest\u00e3o pr\u00f3pria, a Vita Assist\u00eancia \u00e0 Sa\u00fade iniciou a assist\u00eancia a grandes empresas como Arcelor Mittal (Mendes J\u00fanior) e Grupo Mercedes e, cresceu gerindo as vidas do Grupo Monte Sinai. O Hospital Albert Sabin surgiu nesta forma\u00e7\u00e3o atual como parceiro estrat\u00e9gico, primeiro como prestador de servi\u00e7os hospitalares (desde 2016), depois como cliente da operadora e, agora, como s\u00f3cio.<\/p>\n<p>&nbsp;<\/p>\n<p>O objetivo comercial \u00e9 o aumento do <em>market share<\/em>, com a amplia\u00e7\u00e3o do n\u00famero de clientes e variada oferta de produtos. Depois de ganhar mercado com planos completos nos segmentos empresarial, coletivo por ades\u00e3o e familiar, a operadora j\u00e1 oferece ao setor corporativo um plano exclusivamente hospitalar, que tem como principal cliente o grupo Bahamas, com expectativa de ades\u00e3o de mais de 17 mil vidas em todo o Estado. E a \u00fanica modalidade de que ainda n\u00e3o dispunha, plano ambulatorial, tamb\u00e9m j\u00e1 tem autoriza\u00e7\u00e3o da ANS para o segmento empresarial, ofertando produtos mais acess\u00edveis. O Sabin Sinai inicia a opera\u00e7\u00e3o com amplia\u00e7\u00e3o dos locais de atendimento, estruturando um ponto na regi\u00e3o central e outro no Albert Sabin, mantendo a opera\u00e7\u00e3o a partir do Centro M\u00e9dico Monte Sinai, onde, em 2015, iniciou sua abertura comercial.<\/p>\n<p>&nbsp;<\/p>\n<p>J\u00e1 a for\u00e7a da verticaliza\u00e7\u00e3o do Sabin Sinai est\u00e1 em buscar uma atua\u00e7\u00e3o sustent\u00e1vel tendo como foco o cliente. Isso porque sua implementa\u00e7\u00e3o n\u00e3o visa a restringir o acesso aos servi\u00e7os. Pelo contr\u00e1rio, se baseia na principal motiva\u00e7\u00e3o para se adquirir um plano de sa\u00fade: dar seguran\u00e7a ao benefici\u00e1rio no momento em que ele mais se precisa da assist\u00eancia de qualidade. Aten\u00e7\u00e3o \u00e0s necessidades do cliente e a qualidade dos servi\u00e7os s\u00e3o base da gest\u00e3o que d\u00e1 solidez aos processos antes do crescimento. Ao disponibilizar atendimento hospitalar de alto n\u00edvel, j\u00e1 estruturado e consolidado, o pr\u00f3ximo passo \u00e9 otimizar sua gest\u00e3o como operadora, sem excluir o acesso aos hospitais \u2013 que passar\u00e3o a reduzir sua depend\u00eancia dos demais planos de sa\u00fade. Uma movimenta\u00e7\u00e3o de mercado que j\u00e1 estava instalada, mas que nesta forma\u00e7\u00e3o torna-se saud\u00e1vel e desafiadora dentro de um cen\u00e1rio pol\u00edtico em crise e num dos momentos mais dif\u00edceis da economia brasileira, com reflexos s\u00e9rios na Sa\u00fade Suplementar nas \u00faltimas d\u00e9cadas, quando manter-se pequeno pode ser incompat\u00edvel com sustentabilidade financeira.<\/p>\n<p>&nbsp;<\/p>\n<p>Assim, o Sabin Sinai parte para uma nova performance de mercado com 5.000 clientes, mais de 650 cl\u00ednicas e m\u00e9dicos credenciados, os dois principais hospitais privados da cidade, al\u00e9m de suporte de atendimento emergencial da Rede Abramge em todo o pa\u00eds.<\/p>\n<p>&nbsp;<\/p>\n<p>Fonte: Assessoria<\/p>\n","protected":false},"excerpt":{"rendered":"<p>Para ficar e para somar. \u00c9 com este posicionamento de mercado que nasce o Sabin Sinai, a principal novidade do segmento em Juiz de Fora, atualmente. Os hospitais Monte Sinai e Albert Sabin se unem para assumir a administra\u00e7\u00e3o do plano de Sa\u00fade Sinai na nova configura\u00e7\u00e3o societ\u00e1ria da operadora de sa\u00fade que mais cresceu [&hellip;]<\/p>\n","protected":false},"author":96,"featured_media":106891,"comment_status":"closed","ping_status":"closed","sticky":false,"template":"","format":"standard","meta":{"footnotes":""},"categories":[253,436],"tags":[],"class_list":["post-106890","post","type-post","status-publish","format-standard","has-post-thumbnail","hentry","category-cidade","category-destaque-da-semana"],"_links":{"self":[{"href":"https:\/\/diarioregionaldigital.com.br\/index.php?rest_route=\/wp\/v2\/posts\/106890","targetHints":{"allow":["GET"]}}],"collection":[{"href":"https:\/\/diarioregionaldigital.com.br\/index.php?rest_route=\/wp\/v2\/posts"}],"about":[{"href":"https:\/\/diarioregionaldigital.com.br\/index.php?rest_route=\/wp\/v2\/types\/post"}],"author":[{"embeddable":true,"href":"https:\/\/diarioregionaldigital.com.br\/index.php?rest_route=\/wp\/v2\/users\/96"}],"replies":[{"embeddable":true,"href":"https:\/\/diarioregionaldigital.com.br\/index.php?rest_route=%2Fwp%2Fv2%2Fcomments&post=106890"}],"version-history":[{"count":0,"href":"https:\/\/diarioregionaldigital.com.br\/index.php?rest_route=\/wp\/v2\/posts\/106890\/revisions"}],"wp:featuredmedia":[{"embeddable":true,"href":"https:\/\/diarioregionaldigital.com.br\/index.php?rest_route=\/wp\/v2\/media\/106891"}],"wp:attachment":[{"href":"https:\/\/diarioregionaldigital.com.br\/index.php?rest_route=%2Fwp%2Fv2%2Fmedia&parent=106890"}],"wp:term":[{"taxonomy":"category","embeddable":true,"href":"https:\/\/diarioregionaldigital.com.br\/index.php?rest_route=%2Fwp%2Fv2%2Fcategories&post=106890"},{"taxonomy":"post_tag","embeddable":true,"href":"https:\/\/diarioregionaldigital.com.br\/index.php?rest_route=%2Fwp%2Fv2%2Ftags&post=106890"}],"curies":[{"name":"wp","href":"https:\/\/api.w.org\/{rel}","templated":true}]}}