{"id":106843,"date":"2018-06-05T17:59:06","date_gmt":"2018-06-05T20:59:06","guid":{"rendered":"http:\/\/diarioregionaljf.com.br\/?p=106843"},"modified":"2018-06-05T18:10:38","modified_gmt":"2018-06-05T21:10:38","slug":"cadastro-previo-da-lei-murilo-mendes-termina-no-proximo-dia-12","status":"publish","type":"post","link":"https:\/\/diarioregionaldigital.com.br\/?p=106843","title":{"rendered":"Cadastro pr\u00e9vio da \u201cLei Murilo Mendes\u201d termina no pr\u00f3ximo dia 12"},"content":{"rendered":"<p>Artistas e produtores culturais interessados em obter financiamento da \u201cLei Murilo Mendes de Incentivo \u00e0 Cultura\u201d devem ficar atentos ao prazo para o cadastramento pr\u00e9vio, que termina no pr\u00f3ximo dia 12. Neste mesmo per\u00edodo, a Funda\u00e7\u00e3o Cultural \u201cAlfredo Ferreira Lage\u201d (Funalfa) estar\u00e1 tamb\u00e9m revalidando o cadastro daqueles que passaram pelo processo entre 2011 e 2017. O procedimento \u00e9 gratuito e deve ser feito na Secretaria da \u201cLei Murilo Mendes\u201d, na sede da Funalfa (Avenida Rio Branco, 2.234 &#8211; Centro), de segunda a sexta-feira, das 9 horas \u00e0s 11h30 e das 14h \u00e0s 17 horas. \u00c9 preciso apresentar o\u00a0formul\u00e1rio pr\u00f3prio, devidamente preenchido. No mesmo endere\u00e7o est\u00e1 dispon\u00edvel o edital completo, com todas as orienta\u00e7\u00f5es referentes ao processo.<\/p>\n<p>&nbsp;<\/p>\n<p>O cadastro pr\u00e9vio n\u00e3o \u00e9 obrigat\u00f3rio. Ele foi institu\u00eddo para permitir a avalia\u00e7\u00e3o preliminar da documenta\u00e7\u00e3o exigida no processo. Caso sejam identificados problemas ou falta de algum item, o proponente \u00e9 notificado e tem tempo h\u00e1bil para corrigir as falhas, evitando a elimina\u00e7\u00e3o do projeto quando o edital de inscri\u00e7\u00e3o da \u201cLei Murilo Mendes\u201d for efetivamente aberto.<\/p>\n<p>&nbsp;<\/p>\n<p>Ap\u00f3s concluir o cadastro ou a revalida\u00e7\u00e3o, o respons\u00e1vel recebe documento comprobat\u00f3rio (carteira de proponente) de que est\u00e1 apto a se inscrever no pr\u00f3ximo edital, o que o torna tamb\u00e9m permanente para a \u201cLei Murilo Mendes\u201d, devendo somente revalidar seu cadastro a cada ano.<\/p>\n<p>&nbsp;<\/p>\n<p>Os proponentes que optarem por n\u00e3o fazer o cadastro pr\u00e9vio poder\u00e3o, sem qualquer preju\u00edzo, inscrever-se no Edital 2018 do \u201cPrograma Cultural Murilo Mendes\u201d, obedecendo todas as formalidades previstas.<\/p>\n<p>&nbsp;<\/p>\n<p>&nbsp;<\/p>\n<p>Fonte: Assessoria<\/p>\n","protected":false},"excerpt":{"rendered":"<p>Artistas e produtores culturais interessados em obter financiamento da \u201cLei Murilo Mendes de Incentivo \u00e0 Cultura\u201d devem ficar atentos ao prazo para o cadastramento pr\u00e9vio, que termina no pr\u00f3ximo dia 12. Neste mesmo per\u00edodo, a Funda\u00e7\u00e3o Cultural \u201cAlfredo Ferreira Lage\u201d (Funalfa) estar\u00e1 tamb\u00e9m revalidando o cadastro daqueles que passaram pelo processo entre 2011 e 2017. [&hellip;]<\/p>\n","protected":false},"author":96,"featured_media":106844,"comment_status":"closed","ping_status":"closed","sticky":false,"template":"","format":"standard","meta":{"footnotes":""},"categories":[440],"tags":[],"class_list":["post-106843","post","type-post","status-publish","format-standard","has-post-thumbnail","hentry","category-destaques-do-dia"],"_links":{"self":[{"href":"https:\/\/diarioregionaldigital.com.br\/index.php?rest_route=\/wp\/v2\/posts\/106843","targetHints":{"allow":["GET"]}}],"collection":[{"href":"https:\/\/diarioregionaldigital.com.br\/index.php?rest_route=\/wp\/v2\/posts"}],"about":[{"href":"https:\/\/diarioregionaldigital.com.br\/index.php?rest_route=\/wp\/v2\/types\/post"}],"author":[{"embeddable":true,"href":"https:\/\/diarioregionaldigital.com.br\/index.php?rest_route=\/wp\/v2\/users\/96"}],"replies":[{"embeddable":true,"href":"https:\/\/diarioregionaldigital.com.br\/index.php?rest_route=%2Fwp%2Fv2%2Fcomments&post=106843"}],"version-history":[{"count":0,"href":"https:\/\/diarioregionaldigital.com.br\/index.php?rest_route=\/wp\/v2\/posts\/106843\/revisions"}],"wp:featuredmedia":[{"embeddable":true,"href":"https:\/\/diarioregionaldigital.com.br\/index.php?rest_route=\/wp\/v2\/media\/106844"}],"wp:attachment":[{"href":"https:\/\/diarioregionaldigital.com.br\/index.php?rest_route=%2Fwp%2Fv2%2Fmedia&parent=106843"}],"wp:term":[{"taxonomy":"category","embeddable":true,"href":"https:\/\/diarioregionaldigital.com.br\/index.php?rest_route=%2Fwp%2Fv2%2Fcategories&post=106843"},{"taxonomy":"post_tag","embeddable":true,"href":"https:\/\/diarioregionaldigital.com.br\/index.php?rest_route=%2Fwp%2Fv2%2Ftags&post=106843"}],"curies":[{"name":"wp","href":"https:\/\/api.w.org\/{rel}","templated":true}]}}