{"id":106819,"date":"2018-06-05T16:02:09","date_gmt":"2018-06-05T19:02:09","guid":{"rendered":"http:\/\/diarioregionaljf.com.br\/?p=106819"},"modified":"2018-06-05T16:02:52","modified_gmt":"2018-06-05T19:02:52","slug":"mineiros-podem-arrematar-moveis-para-escritorio-e-veiculos-em-leiloes-online","status":"publish","type":"post","link":"https:\/\/diarioregionaldigital.com.br\/?p=106819","title":{"rendered":"Mineiros podem arrematar m\u00f3veis para escrit\u00f3rio e ve\u00edculos em leil\u00f5es online"},"content":{"rendered":"<p style=\"font-weight: 400;\">O momento econ\u00f4mico do pa\u00eds, pede cautela nos gastos. Portanto, as oportunidades em leil\u00f5es podem ser bons neg\u00f3cios. A Sold, uma das maiores leiloeiras do mercado, apresenta leil\u00f5es em diversos segmentos em Minas Gerais. Entre eles, est\u00e3o as ofertas de m\u00f3veis para escrit\u00f3rios, al\u00e9m de ve\u00edculos. As oportunidades s\u00e3o excelentes e, ao todo, s\u00e3o disponibilizados 31 lotes em duas cidades: Juiz de Fora e Uberl\u00e2ndia. Todos os leil\u00f5es est\u00e3o abertos para lances e podem ser observados da seguinte maneira:<\/p>\n<p>&nbsp;<\/p>\n<p style=\"font-weight: 400;\"><strong>M\u00f3veis para Escrit\u00f3rio<\/strong><\/p>\n<p style=\"font-weight: 400;\">At\u00e9 o dia 26 de junho, \u00e9 poss\u00edvel dar lance nos 29 lotes\u00a0do\u00a0Leil\u00e3o MRV de itens referentes a m\u00f3veis para escrit\u00f3rio e utilidades dom\u00e9sticas. Os lances iniciais variam entre\u00a0<a href=\"http:\/\/www.sold.com.br\/lote\/ver\/1094526\">R$ 40<\/a>\u00a0e\u00a0<a href=\"http:\/\/www.sold.com.br\/lote\/ver\/1094548\">R$ 180<\/a>.\u00a0Dentre eles, h\u00e1 destaques como:\u00a0<a href=\"http:\/\/www.sold.com.br\/lote\/ver\/1094548\">nove esta\u00e7\u00f5es de trabalho<\/a>\u00a0com lance inicial de R$ 180;\u00a0<a href=\"http:\/\/www.sold.com.br\/lote\/ver\/1094533\">refrigerador<\/a>\u00a0a partir de R$ 150;\u00a0<a href=\"http:\/\/www.sold.com.br\/lote\/ver\/1094532\">microondas<\/a>\u00a0com lance inicial de R$ 80;\u00a0<a href=\"http:\/\/www.sold.com.br\/lote\/ver\/1094544\">divis\u00f3ria de vidros<\/a>\u00a0a partir de R$ 80;\u00a0<a href=\"http:\/\/www.sold.com.br\/lote\/ver\/1094536\">conjunto com cadeiras diversas<\/a>\u00a0com lance inicial de R$ 90;\u00a0<a href=\"http:\/\/www.sold.com.br\/lote\/ver\/1094525\">mesa\u00a0<\/a>a partir de R$ 60.<\/p>\n<p>&nbsp;<\/p>\n<p style=\"font-weight: 400;\">Estes e demais itens da MRV podem ser visitados nos dias 11 e 25 de junho, sempre das 9h \u00e0s 12h e das 13h \u00e0s 17h, na cidade de Juiz de Fora. O agendamento deve ser feito com um dia \u00fatil de anteced\u00eancia pelo site da Sold (<a href=\"http:\/\/www.sold.com.br\/\">www.sold.com.br<\/a>). Para o restante do pa\u00eds, \u00e9 poss\u00edvel visualizar os itens pelo link:\u00a0<a href=\"http:\/\/www.sold.com.br\/lote\/lista\/leilao\/6310\">http:\/\/www.sold.com.br\/lote\/lista\/leilao\/6310<\/a>.<\/p>\n<p>&nbsp;<\/p>\n<p style=\"font-weight: 400;\"><strong>Ve\u00edculos Leves<\/strong><\/p>\n<p style=\"font-weight: 400;\">Tamb\u00e9m em Uberl\u00e2ndia, h\u00e1 o leil\u00e3o de dois ve\u00edculos:\u00a0<a href=\"http:\/\/www.sold.com.br\/lote\/ver\/1100738\">Fiat Linea Absolute<\/a>, modelo 2013, a partir de R$ 17,2 mil; e um\u00a0<a href=\"http:\/\/www.sold.com.br\/lote\/ver\/1100739\">Fiat Uno Way<\/a>, modelo 2014, com lance inicial de R$ 13,4 mil . O per\u00edodo para lances se encerra no dia 13 de junho e, at\u00e9 esta data, \u00e9 poss\u00edvel visitar os lotes nos dias 06 e 12 de junho, das 10h \u00e0s 12h e das 13h30 \u00e0s 16h, mediante agendamento atrav\u00e9s da Sold (<a href=\"http:\/\/www.sold.com.br\/\">www.sold.com.br<\/a>). Para o restante do pa\u00eds, os ve\u00edculos podem ser visualizados por este\u00a0<a href=\"http:\/\/www.sold.com.br\/lote\/lista\/categoria\/276\/localidade\/3098\">link.<\/a><\/p>\n<p>&nbsp;<\/p>\n<p style=\"font-weight: 400;\">Para visualizar outras ofertas de ve\u00edculos pelo Brasil, basta acessar este <a href=\"http:\/\/www.sold.com.br\/lote\/lista\/categoria\/10\">link.<\/a><\/p>\n<p style=\"font-weight: 400;\"><strong>Como participar<\/strong><\/p>\n<p style=\"font-weight: 400;\">Qualquer pessoa pode participar dos leil\u00f5es: basta se cadastrar no site\u00a0<a href=\"http:\/\/www.sold.com.br\/\">www.sold.com.br<\/a>, criar um login e senha e se habilitar para ofertar lances no leil\u00e3o de interesse. A partir da\u00ed, \u00e9 s\u00f3 acompanhar os lances no dia marcado para o encerramento. O m\u00e9todo usado na internet \u00e9 o mesmo de qualquer leil\u00e3o, isto \u00e9: quem der o maior lance \u00e9 o vencedor do lote.<\/p>\n<p style=\"font-weight: 400;\">\n","protected":false},"excerpt":{"rendered":"<p>O momento econ\u00f4mico do pa\u00eds, pede cautela nos gastos. Portanto, as oportunidades em leil\u00f5es podem ser bons neg\u00f3cios. A Sold, uma das maiores leiloeiras do mercado, apresenta leil\u00f5es em diversos segmentos em Minas Gerais. Entre eles, est\u00e3o as ofertas de m\u00f3veis para escrit\u00f3rios, al\u00e9m de ve\u00edculos. As oportunidades s\u00e3o excelentes e, ao todo, s\u00e3o disponibilizados [&hellip;]<\/p>\n","protected":false},"author":96,"featured_media":106824,"comment_status":"closed","ping_status":"closed","sticky":false,"template":"","format":"standard","meta":{"footnotes":""},"categories":[253,439],"tags":[],"class_list":["post-106819","post","type-post","status-publish","format-standard","has-post-thumbnail","hentry","category-cidade","category-ultima-hora"],"_links":{"self":[{"href":"https:\/\/diarioregionaldigital.com.br\/index.php?rest_route=\/wp\/v2\/posts\/106819","targetHints":{"allow":["GET"]}}],"collection":[{"href":"https:\/\/diarioregionaldigital.com.br\/index.php?rest_route=\/wp\/v2\/posts"}],"about":[{"href":"https:\/\/diarioregionaldigital.com.br\/index.php?rest_route=\/wp\/v2\/types\/post"}],"author":[{"embeddable":true,"href":"https:\/\/diarioregionaldigital.com.br\/index.php?rest_route=\/wp\/v2\/users\/96"}],"replies":[{"embeddable":true,"href":"https:\/\/diarioregionaldigital.com.br\/index.php?rest_route=%2Fwp%2Fv2%2Fcomments&post=106819"}],"version-history":[{"count":0,"href":"https:\/\/diarioregionaldigital.com.br\/index.php?rest_route=\/wp\/v2\/posts\/106819\/revisions"}],"wp:featuredmedia":[{"embeddable":true,"href":"https:\/\/diarioregionaldigital.com.br\/index.php?rest_route=\/wp\/v2\/media\/106824"}],"wp:attachment":[{"href":"https:\/\/diarioregionaldigital.com.br\/index.php?rest_route=%2Fwp%2Fv2%2Fmedia&parent=106819"}],"wp:term":[{"taxonomy":"category","embeddable":true,"href":"https:\/\/diarioregionaldigital.com.br\/index.php?rest_route=%2Fwp%2Fv2%2Fcategories&post=106819"},{"taxonomy":"post_tag","embeddable":true,"href":"https:\/\/diarioregionaldigital.com.br\/index.php?rest_route=%2Fwp%2Fv2%2Ftags&post=106819"}],"curies":[{"name":"wp","href":"https:\/\/api.w.org\/{rel}","templated":true}]}}